{"id":3751,"date":"2019-12-13T07:00:42","date_gmt":"2019-12-13T10:00:42","guid":{"rendered":"https:\/\/blogs.correiobraziliense.com.br\/lianasabo\/?p=3751"},"modified":"2019-12-12T18:12:46","modified_gmt":"2019-12-12T21:12:46","slug":"don-melchor-icone-do-chile-completa-30-anos","status":"publish","type":"post","link":"https:\/\/blogs.correiobraziliense.com.br\/lianasabo\/don-melchor-icone-do-chile-completa-30-anos\/","title":{"rendered":"Don Melchor, \u00edcone do Chile, completa 30 anos"},"content":{"rendered":"<p>No solo pedregoso de Puente Alto, aos p\u00e9s da Cordilheira dos Andes, nascem vinhedos de excepcional qualidade que deram ao Chile, em 1987, o primeiro vinho \u00edcone do pa\u00eds chamado Don Melchor, em homenagem ao fundador da Vi\u00f1a Concha y Toro, Don Melchor Concha y Toro. Passados 30 anos de uma trajet\u00f3ria na qual s\u00f3 acumulou prest\u00edgio, a marca se emancipa e se torna uma bodega \u2014 como dizem os chilenos \u2014, independente.<\/p>\n<p>A Vi\u00f1a Don Melchor passa assim a se dedicar \u00e0 produ\u00e7\u00e3o de um \u00fanico vinho, cuja \u00faltima safra a 2017 chega ao mercado brasileiro por R$ 704, a garrafa. A principal novidade \u00e9 o r\u00f3tulo, que traz agora em evid\u00eancia o Casar\u00e3o Don Melchor, representando a entrada da vin\u00edcola localizada no vale do Maipo, a 28 quil\u00f4metros de Santiago.<\/p>\n<figure id=\"attachment_3753\" aria-describedby=\"caption-attachment-3753\" style=\"width: 800px\" class=\"wp-caption aligncenter\"><a href=\"https:\/\/blogs.correiobraziliense.com.br\/lianasabo\/wp-content\/uploads\/sites\/25\/2019\/12\/CBNFOT081220191616.jpg\"><img loading=\"lazy\" decoding=\"async\" class=\"size-full wp-image-3753\" src=\"https:\/\/blogs.correiobraziliense.com.br\/lianasabo\/wp-content\/uploads\/sites\/25\/2019\/12\/CBNFOT081220191616.jpg\" alt=\"\" width=\"800\" height=\"533\" srcset=\"https:\/\/blogs.correiobraziliense.com.br\/lianasabo\/wp-content\/uploads\/sites\/25\/2019\/12\/CBNFOT081220191616.jpg 800w, https:\/\/blogs.correiobraziliense.com.br\/lianasabo\/wp-content\/uploads\/sites\/25\/2019\/12\/CBNFOT081220191616-300x200.jpg 300w, https:\/\/blogs.correiobraziliense.com.br\/lianasabo\/wp-content\/uploads\/sites\/25\/2019\/12\/CBNFOT081220191616-768x512.jpg 768w, https:\/\/blogs.correiobraziliense.com.br\/lianasabo\/wp-content\/uploads\/sites\/25\/2019\/12\/CBNFOT081220191616-550x366.jpg 550w, https:\/\/blogs.correiobraziliense.com.br\/lianasabo\/wp-content\/uploads\/sites\/25\/2019\/12\/CBNFOT081220191616-230x153.jpg 230w\" sizes=\"auto, (max-width: 800px) 100vw, 800px\" \/><\/a><figcaption id=\"caption-attachment-3753\" class=\"wp-caption-text\">Cr\u00e9dito: Don Melchor\/Divulga\u00e7\u00e3o. Vinho Don Melchor<\/figcaption><\/figure>\n<p>A celebra\u00e7\u00e3o dos 30 anos tamb\u00e9m se deu no Brasil, que s\u00f3 perde para os Estados Unidos como mercado consumidor, e \u00e9 seguido de perto por China e, \u00e9 claro, Chile. Durante jantar de gala no Farol Santander, na capital paulista, o \u201cpai\u201d do vinho, en\u00f3logo Enrique Tirado anunciou os planos de crescimento da nova vin\u00edcola, como passar de 12 e 14 mil caixas para 17 mil entre 2020 e 2022, \u201csem se afastar dos princ\u00edpios da antiga vitivinicultura que posicionou o Chile entre os produtores de vinhos de alta qualidade no mundo\u201d.<\/p>\n<h2>Complexidade<\/h2>\n<p>Para Enrique Tirado, o sucesso de Don Melchor est\u00e1 baseado em tr\u00eas pilares: a heran\u00e7a hist\u00f3rica; as condi\u00e7\u00f5es \u00edmpares do terroir e a expertise na elabora\u00e7\u00e3o da bebida. O en\u00f3logo, que se declarou \u201ca cada ano mais apaixonado pelo que faz\u201d, comandou uma degusta\u00e7\u00e3o de safras tops, desde 1995, para uma plateia seleta que pode acompanhar a evolu\u00e7\u00e3o dos raros aromas de frutas vermelhas maduras da Cabernet Sauvignon dentro da garrafa. O 2017, que estar\u00e1 dispon\u00edvel na Super Adega, \u00e9 composto por 98% de Cabernet Sauvignon e 2% de Cabernet Franc e passou por 15 meses em barris de carvalho franc\u00eas. De extraordin\u00e1ria eleg\u00e2ncia, o vinho revela em boca taninos finos e delicados com not\u00e1vel equil\u00edbrio que se espera de um vinha\u00e7o.<\/p>\n","protected":false},"excerpt":{"rendered":"<p>No solo pedregoso de Puente Alto, aos p\u00e9s da Cordilheira dos Andes, nascem vinhedos de excepcional qualidade que deram ao Chile, em 1987, o primeiro vinho \u00edcone do pa\u00eds chamado Don Melchor, em homenagem ao fundador da Vi\u00f1a Concha y Toro, Don Melchor Concha y Toro. Passados 30 anos de uma trajet\u00f3ria na qual s\u00f3 acumulou prest\u00edgio, a marca se [&hellip;]<\/p>\n","protected":false},"author":54,"featured_media":3752,"comment_status":"open","ping_status":"open","sticky":false,"template":"","format":"standard","meta":{"footnotes":""},"categories":[1],"tags":[],"class_list":["post-3751","post","type-post","status-publish","format-standard","has-post-thumbnail","hentry","category-sem-categoria"],"_links":{"self":[{"href":"https:\/\/blogs.correiobraziliense.com.br\/lianasabo\/wp-json\/wp\/v2\/posts\/3751","targetHints":{"allow":["GET"]}}],"collection":[{"href":"https:\/\/blogs.correiobraziliense.com.br\/lianasabo\/wp-json\/wp\/v2\/posts"}],"about":[{"href":"https:\/\/blogs.correiobraziliense.com.br\/lianasabo\/wp-json\/wp\/v2\/types\/post"}],"author":[{"embeddable":true,"href":"https:\/\/blogs.correiobraziliense.com.br\/lianasabo\/wp-json\/wp\/v2\/users\/54"}],"replies":[{"embeddable":true,"href":"https:\/\/blogs.correiobraziliense.com.br\/lianasabo\/wp-json\/wp\/v2\/comments?post=3751"}],"version-history":[{"count":1,"href":"https:\/\/blogs.correiobraziliense.com.br\/lianasabo\/wp-json\/wp\/v2\/posts\/3751\/revisions"}],"predecessor-version":[{"id":3754,"href":"https:\/\/blogs.correiobraziliense.com.br\/lianasabo\/wp-json\/wp\/v2\/posts\/3751\/revisions\/3754"}],"wp:featuredmedia":[{"embeddable":true,"href":"https:\/\/blogs.correiobraziliense.com.br\/lianasabo\/wp-json\/wp\/v2\/media\/3752"}],"wp:attachment":[{"href":"https:\/\/blogs.correiobraziliense.com.br\/lianasabo\/wp-json\/wp\/v2\/media?parent=3751"}],"wp:term":[{"taxonomy":"category","embeddable":true,"href":"https:\/\/blogs.correiobraziliense.com.br\/lianasabo\/wp-json\/wp\/v2\/categories?post=3751"},{"taxonomy":"post_tag","embeddable":true,"href":"https:\/\/blogs.correiobraziliense.com.br\/lianasabo\/wp-json\/wp\/v2\/tags?post=3751"}],"curies":[{"name":"wp","href":"https:\/\/api.w.org\/{rel}","templated":true}]}}