{"id":374,"date":"2016-08-26T08:00:52","date_gmt":"2016-08-26T11:00:52","guid":{"rendered":"https:\/\/blogs.correiobraziliense.com.br\/lianasabo\/?p=374"},"modified":"2016-08-25T18:31:24","modified_gmt":"2016-08-25T21:31:24","slug":"militancia-no-queijo","status":"publish","type":"post","link":"https:\/\/blogs.correiobraziliense.com.br\/lianasabo\/militancia-no-queijo\/","title":{"rendered":"Milit\u00e2ncia no queijo"},"content":{"rendered":"<p><span style=\"font-family: Utopia,sans-serif\"><span style=\"font-size: small\">Quando se fala em servir um vinho, qual \u00e9 a primeira coisa que vem \u00e0 cabe\u00e7a para acompanhar a bebida? Claro que \u00e9 mordiscar nacos de queijo. Foi isto que ocorreu semana passada no Vinum Brasilis, cuja nona edi\u00e7\u00e3o trouxe o companheiro ideal do vinho. \u201cEu sempre quis agregar um produto mais voltado para o vinho e a\u00ed descobri o grupo de trabalho do Slow Food de queijos artesanais\u201d, revela Petrus Elesb\u00e3o, coordenador do evento.<\/span><\/span><\/p>\n<p><span style=\"font-family: Utopia,sans-serif\"><span style=\"font-size: small\">A pesquisadora do patrim\u00f4nio cultural Ana Cl\u00e1udia Lima e Alves, l\u00edder do GT, se considera uma militante no assunto. A pedido de Petrus, ela se encarregou de atrair para a feira produtores de queijos artesanais de Minas Gerais, que apresentaram 12 tipos diferentes: oito queijos da Serra da Canastra; tr\u00eas do Serro e um da Serra do Salitre. \u201cFoi um sucesso, todos os queijos foram vendidos\u201d, resume Petrus. A ideia foi propiciar aos produtores de queijo o mesmo incentivo dado aos pequenos produtores de vinho, que se destacam pela qualidade do que oferecem, mas muitas vezes n\u00e3o t\u00eam as mesmas chances de expor, analisa o coordenador da feira.<\/span><\/span><\/p>\n<h1><span style=\"font-family: Utopia,sans-serif\"><span style=\"font-size: small\">Leite cru<\/span><\/span><\/h1>\n<p>&nbsp;<\/p>\n<figure id=\"attachment_376\" aria-describedby=\"caption-attachment-376\" style=\"width: 800px\" class=\"wp-caption aligncenter\"><a href=\"https:\/\/blogs.correiobraziliense.com.br\/lianasabo\/wp-content\/uploads\/sites\/25\/2016\/08\/CBPFOT230820160540.jpg\" rel=\"attachment wp-att-376\"><img loading=\"lazy\" decoding=\"async\" class=\"wp-image-376 size-full\" src=\"https:\/\/blogs.correiobraziliense.com.br\/lianasabo\/wp-content\/uploads\/sites\/25\/2016\/08\/CBPFOT230820160540.jpg\" alt=\"23\/08\/2016. Cr\u00e9dito: Liana Sabo\/CB\/D.A Press. Brasil. Bras\u00edlia - DF. Queijos e vinhos. Queijos artesanais de MG no Dom Francisco.\" width=\"800\" height=\"600\" srcset=\"https:\/\/blogs.correiobraziliense.com.br\/lianasabo\/wp-content\/uploads\/sites\/25\/2016\/08\/CBPFOT230820160540.jpg 800w, https:\/\/blogs.correiobraziliense.com.br\/lianasabo\/wp-content\/uploads\/sites\/25\/2016\/08\/CBPFOT230820160540-300x225.jpg 300w, https:\/\/blogs.correiobraziliense.com.br\/lianasabo\/wp-content\/uploads\/sites\/25\/2016\/08\/CBPFOT230820160540-768x576.jpg 768w, https:\/\/blogs.correiobraziliense.com.br\/lianasabo\/wp-content\/uploads\/sites\/25\/2016\/08\/CBPFOT230820160540-550x413.jpg 550w, https:\/\/blogs.correiobraziliense.com.br\/lianasabo\/wp-content\/uploads\/sites\/25\/2016\/08\/CBPFOT230820160540-230x173.jpg 230w\" sizes=\"auto, (max-width: 800px) 100vw, 800px\" \/><\/a><figcaption id=\"caption-attachment-376\" class=\"wp-caption-text\">23\/08\/2016. Cr\u00e9dito: Liana Sabo\/CB\/D.A Press. Brasil. Bras\u00edlia &#8211; DF. Queijos e vinhos. Queijos artesanais de MG no Dom Francisco.<\/figcaption><\/figure>\n<h2><span style=\"font-family: Utopia,sans-serif\"><span style=\"font-size: small\">\u00a0<\/span><\/span><\/h2>\n<p><span style=\"font-family: Utopia,sans-serif\"><span style=\"font-size: small\">J\u00e1 as raz\u00f5es do Slow Food s\u00e3o de ordem jur\u00eddica. O grupo, formado em 2011, defende \u201co direito de optar por produtos que prov\u00eam de tradi\u00e7\u00f5es locais, de modos de fazer arraigados na nossa cultura e que representam a principal fonte de sustenta\u00e7\u00e3o econ\u00f4mica de comunidades rurais\u201d. \u00c9 que a legisla\u00e7\u00e3o brasileira, da \u00e9poca de Get\u00falio Vargas, n\u00e3o permite que produtos de leite cru saiam do estado onde foram feitos. Diante da burocracia, alguns produtores pensaram at\u00e9 em desistir.<\/span><\/span><\/p>\n<p><span style=\"font-family: Utopia,sans-serif\"><span style=\"font-size: small\">Quem n\u00e3o se importa com o entrave, que algum dia pode at\u00e9 ser removido \u2013 h\u00e1 uma campanha mundial de resgate do leite cru, capitaneada pelos Estados Unidos \u2013, \u00e9 Gil Guimar\u00e3es. O chef mineiro, dubl\u00ea de pizzaiolo, elaborou duas margueritas, uma com o queijo da Canastra e outra com o do Serro, aprovadas pelos produtores. As receitas ser\u00e3o a estrela de um festival de margueritas que a pizzaria Baco promover\u00e1 no m\u00eas de setembro usando a iguaria de Minas. <\/span><\/span><\/p>\n<p><span style=\"font-family: Utopia,sans-serif\"><span style=\"font-size: small\">Em novembro, dia 25, os queijeiros estar\u00e3o de volta para comercializar o produto no Wine Friday, evento que contar\u00e1 com vinhos trazidos pela Enoteca Decanter e pela Videira Vinhos. Ser\u00e1 na sede da Assefe, Trecho 1 do Setor de Clubes Sul.<\/span><\/span><\/p>\n<h1><span style=\"font-family: Utopia,sans-serif\"><span style=\"font-size: small\">Harmoniza\u00e7\u00e3o<\/span><\/span><\/h1>\n<figure id=\"attachment_377\" aria-describedby=\"caption-attachment-377\" style=\"width: 300px\" class=\"wp-caption alignleft\"><a href=\"https:\/\/blogs.correiobraziliense.com.br\/lianasabo\/wp-content\/uploads\/sites\/25\/2016\/08\/CBPFOT230820160541.jpg\" rel=\"attachment wp-att-377\"><img loading=\"lazy\" decoding=\"async\" class=\"size-medium wp-image-377\" src=\"https:\/\/blogs.correiobraziliense.com.br\/lianasabo\/wp-content\/uploads\/sites\/25\/2016\/08\/CBPFOT230820160541-300x225.jpg\" alt=\"23\/08\/2016. Cr\u00e9dito: Liana Sabo\/CB\/D.A Press. Brasil. Bras\u00edlia - DF. Queijos e vinhos. Vinhos para degusta\u00e7\u00e3o de ueijos artesanais de MG no Dom Francisco.\" width=\"300\" height=\"225\" srcset=\"https:\/\/blogs.correiobraziliense.com.br\/lianasabo\/wp-content\/uploads\/sites\/25\/2016\/08\/CBPFOT230820160541-300x225.jpg 300w, https:\/\/blogs.correiobraziliense.com.br\/lianasabo\/wp-content\/uploads\/sites\/25\/2016\/08\/CBPFOT230820160541-768x576.jpg 768w, https:\/\/blogs.correiobraziliense.com.br\/lianasabo\/wp-content\/uploads\/sites\/25\/2016\/08\/CBPFOT230820160541-550x413.jpg 550w, https:\/\/blogs.correiobraziliense.com.br\/lianasabo\/wp-content\/uploads\/sites\/25\/2016\/08\/CBPFOT230820160541-230x173.jpg 230w, https:\/\/blogs.correiobraziliense.com.br\/lianasabo\/wp-content\/uploads\/sites\/25\/2016\/08\/CBPFOT230820160541.jpg 800w\" sizes=\"auto, (max-width: 300px) 100vw, 300px\" \/><\/a><figcaption id=\"caption-attachment-377\" class=\"wp-caption-text\">23\/08\/2016. Cr\u00e9dito: Liana Sabo\/CB\/D.A Press<\/figcaption><\/figure>\n<p>&nbsp;<\/p>\n<p><span style=\"font-family: Utopia,sans-serif\"><span style=\"font-size: small\">Outro chef que aprovou os queijos artesanais foi Francisco Ansiliero, ao testar a pic\u00e2ncia, dul\u00e7or, untuosidade e, principalmente, a acidez, que est\u00e1 relacionada sempre ao tipo de solo da fazenda onde \u00e9 produzido o queijo. Como nenhum gourmet come queijo sem vinho, n\u00e3o faltou ao teste o nobre l\u00edquido trazido por Santhiago Tamer, da Trilix. Desafio foi harmonizar dois excelentes brancos: o Chardonnay Zanella, produzido em Antonio Prado (RS), e o Vistamar S\u00e9pia Reserva, Sauvignon Blanc portugu\u00eas da Adega do Cartaxo, que produz tamb\u00e9m a linha Brid\u00e3o.<\/span><\/span><\/p>\n<p><span style=\"font-family: Utopia,sans-serif\"><span style=\"font-size: small\">Em um portf\u00f3lio de 400 r\u00f3tulos, Tamer garimpou alguns tintos como o Encostas do Bairro, da regi\u00e3o do Tejo (R$ 45 a R$ 60); o chileno Winemaker Secret Barrels, cujas uvas e safras, como o nome sugere, s\u00e3o um segredo do en\u00f3logo sai entre R$ 100 a R$ 130; o merlot ga\u00facho Zanella, lan\u00e7ado agora; o conhecido malbec argentino Triade (R$ 70 a R$ 90) e o siciliano Nero D\u00b4Avola (R$ 65 a R$ 80). Os vinhos est\u00e3o dispon\u00edveis na Art du Vin, Belini, Doc Vinhos, Espa\u00e7o Vino e outros locais.<\/span><\/span><\/p>\n","protected":false},"excerpt":{"rendered":"<p>Quando se fala em servir um vinho, qual \u00e9 a primeira coisa que vem \u00e0 cabe\u00e7a para acompanhar a bebida? Claro que \u00e9 mordiscar nacos de queijo. Foi isto que ocorreu semana passada no Vinum Brasilis, cuja nona edi\u00e7\u00e3o trouxe o companheiro ideal do vinho. \u201cEu sempre quis agregar um produto mais voltado para o vinho e a\u00ed descobri o [&hellip;]<\/p>\n","protected":false},"author":54,"featured_media":375,"comment_status":"open","ping_status":"open","sticky":false,"template":"","format":"standard","meta":{"footnotes":""},"categories":[1],"tags":[],"class_list":["post-374","post","type-post","status-publish","format-standard","has-post-thumbnail","hentry","category-sem-categoria"],"_links":{"self":[{"href":"https:\/\/blogs.correiobraziliense.com.br\/lianasabo\/wp-json\/wp\/v2\/posts\/374","targetHints":{"allow":["GET"]}}],"collection":[{"href":"https:\/\/blogs.correiobraziliense.com.br\/lianasabo\/wp-json\/wp\/v2\/posts"}],"about":[{"href":"https:\/\/blogs.correiobraziliense.com.br\/lianasabo\/wp-json\/wp\/v2\/types\/post"}],"author":[{"embeddable":true,"href":"https:\/\/blogs.correiobraziliense.com.br\/lianasabo\/wp-json\/wp\/v2\/users\/54"}],"replies":[{"embeddable":true,"href":"https:\/\/blogs.correiobraziliense.com.br\/lianasabo\/wp-json\/wp\/v2\/comments?post=374"}],"version-history":[{"count":4,"href":"https:\/\/blogs.correiobraziliense.com.br\/lianasabo\/wp-json\/wp\/v2\/posts\/374\/revisions"}],"predecessor-version":[{"id":386,"href":"https:\/\/blogs.correiobraziliense.com.br\/lianasabo\/wp-json\/wp\/v2\/posts\/374\/revisions\/386"}],"wp:featuredmedia":[{"embeddable":true,"href":"https:\/\/blogs.correiobraziliense.com.br\/lianasabo\/wp-json\/wp\/v2\/media\/375"}],"wp:attachment":[{"href":"https:\/\/blogs.correiobraziliense.com.br\/lianasabo\/wp-json\/wp\/v2\/media?parent=374"}],"wp:term":[{"taxonomy":"category","embeddable":true,"href":"https:\/\/blogs.correiobraziliense.com.br\/lianasabo\/wp-json\/wp\/v2\/categories?post=374"},{"taxonomy":"post_tag","embeddable":true,"href":"https:\/\/blogs.correiobraziliense.com.br\/lianasabo\/wp-json\/wp\/v2\/tags?post=374"}],"curies":[{"name":"wp","href":"https:\/\/api.w.org\/{rel}","templated":true}]}}