{"id":368,"date":"2016-08-22T20:30:04","date_gmt":"2016-08-22T23:30:04","guid":{"rendered":"https:\/\/blogs.correiobraziliense.com.br\/lianasabo\/?p=368"},"modified":"2016-08-22T20:30:04","modified_gmt":"2016-08-22T23:30:04","slug":"quadra-do-vinho","status":"publish","type":"post","link":"https:\/\/blogs.correiobraziliense.com.br\/lianasabo\/quadra-do-vinho\/","title":{"rendered":"A quadra do vinho"},"content":{"rendered":"<p>Nesta quarta semana de agosto, os amantes do vinho n\u00e3o tem do que se queixar. H\u00e1, pelo menos duas degusta\u00e7\u00f5es na cidade, no mesmo dia 23, e na mesma quadra 402 Sul. Uma, no Lake&#8217;s e outra no Dom Francisco.<\/p>\n<p>No Lake&#8217;s, Zeli Ribeiro promove uma prova de 10 r\u00f3tulos, sendo oito do Velho e Novo Mundo. Os outros dois, n\u00e3o se sabe, porque ser\u00e3o degustados \u00e0s cegas. Tudo por R$ 100. Mais informa\u00e7\u00f5es com Marianna Fran\u00e7a: 99981-4477.<\/p>\n<p>Os oito s\u00e3o Pedro Carvalho, 50% de sauvignon blanca e 50% de gouveio; Cantagua, sauvignon blanc chileno; Cantagua, outro chileno de cabernet e merlot; Pedro Carvalho, touriga nacional, tinta barroca e tina roriz, portugu\u00eas com certeza; Cantagua merlot Pedro Carvalho Reserva de tinta roriz (80%) e vinhas velhas (20%); Casa Santa Euf\u00eamia, quatro uvas do Douro; Cant\u00e1gua, o quarto chileno Gran Reserva, petit verdot.<\/p>\n<figure id=\"attachment_370\" aria-describedby=\"caption-attachment-370\" style=\"width: 800px\" class=\"wp-caption aligncenter\"><a href=\"https:\/\/blogs.correiobraziliense.com.br\/lianasabo\/wp-content\/uploads\/sites\/25\/2016\/08\/CBPFOT120820141682.jpg\" rel=\"attachment wp-att-370\"><img loading=\"lazy\" decoding=\"async\" class=\"wp-image-370 size-full\" src=\"https:\/\/blogs.correiobraziliense.com.br\/lianasabo\/wp-content\/uploads\/sites\/25\/2016\/08\/CBPFOT120820141682.jpg\" alt=\"Cr\u00e9dito: Gustavo Moreno\/CB\/D.A Press. Brasil. Bras\u00edlia - DF. Trabalho e Forma\u00e7\u00e3o Profissional. Giuliana Ansiliero, administra a rede de Restaurantes Dom Francisco.\" width=\"800\" height=\"532\" srcset=\"https:\/\/blogs.correiobraziliense.com.br\/lianasabo\/wp-content\/uploads\/sites\/25\/2016\/08\/CBPFOT120820141682.jpg 800w, https:\/\/blogs.correiobraziliense.com.br\/lianasabo\/wp-content\/uploads\/sites\/25\/2016\/08\/CBPFOT120820141682-300x200.jpg 300w, https:\/\/blogs.correiobraziliense.com.br\/lianasabo\/wp-content\/uploads\/sites\/25\/2016\/08\/CBPFOT120820141682-768x511.jpg 768w, https:\/\/blogs.correiobraziliense.com.br\/lianasabo\/wp-content\/uploads\/sites\/25\/2016\/08\/CBPFOT120820141682-550x366.jpg 550w, https:\/\/blogs.correiobraziliense.com.br\/lianasabo\/wp-content\/uploads\/sites\/25\/2016\/08\/CBPFOT120820141682-230x153.jpg 230w\" sizes=\"auto, (max-width: 800px) 100vw, 800px\" \/><\/a><figcaption id=\"caption-attachment-370\" class=\"wp-caption-text\">Gustavo Moreno\/CB\/D.A Press. Giuliana Ansiliero ser\u00e1 anfitri\u00e3 de degusta\u00e7\u00e3o no Dom Francisco da 402 Sul<\/figcaption><\/figure>\n<p>\u00c0s 20h, o propriet\u00e1rio da vin\u00edcola italiana Vietti, Marco Cordero, comanda degusta\u00e7\u00e3o harmonizada com pratos \u00edcones da cozinha de Giuliana Ansiliero, como carpaccio de bacalhau com o branco Roero Arneis; arroz de pato com os tintos Nebbiolo Perbacco e Barbera d\u00b4Alba Vigna Scarrone. O ponto alto ser\u00e1 o Barolo Castiglione acompanhando polenta cremosa com ragu de javali. De sobremesa, minitorta de ma\u00e7\u00e3 com sorvete de natas e Moscato d\u00b4Asti Cascinetta. Por R$ 250. Reservas pelo telefone 3224-1634.<\/p>\n","protected":false},"excerpt":{"rendered":"<p>Nesta quarta semana de agosto, os amantes do vinho n\u00e3o tem do que se queixar. H\u00e1, pelo menos duas degusta\u00e7\u00f5es na cidade, no mesmo dia 23, e na mesma quadra 402 Sul. Uma, no Lake&#8217;s e outra no Dom Francisco. No Lake&#8217;s, Zeli Ribeiro promove uma prova de 10 r\u00f3tulos, sendo oito do Velho e Novo Mundo. Os outros dois, [&hellip;]<\/p>\n","protected":false},"author":54,"featured_media":369,"comment_status":"open","ping_status":"open","sticky":false,"template":"","format":"standard","meta":{"footnotes":""},"categories":[1],"tags":[],"class_list":["post-368","post","type-post","status-publish","format-standard","has-post-thumbnail","hentry","category-sem-categoria"],"_links":{"self":[{"href":"https:\/\/blogs.correiobraziliense.com.br\/lianasabo\/wp-json\/wp\/v2\/posts\/368","targetHints":{"allow":["GET"]}}],"collection":[{"href":"https:\/\/blogs.correiobraziliense.com.br\/lianasabo\/wp-json\/wp\/v2\/posts"}],"about":[{"href":"https:\/\/blogs.correiobraziliense.com.br\/lianasabo\/wp-json\/wp\/v2\/types\/post"}],"author":[{"embeddable":true,"href":"https:\/\/blogs.correiobraziliense.com.br\/lianasabo\/wp-json\/wp\/v2\/users\/54"}],"replies":[{"embeddable":true,"href":"https:\/\/blogs.correiobraziliense.com.br\/lianasabo\/wp-json\/wp\/v2\/comments?post=368"}],"version-history":[{"count":1,"href":"https:\/\/blogs.correiobraziliense.com.br\/lianasabo\/wp-json\/wp\/v2\/posts\/368\/revisions"}],"predecessor-version":[{"id":371,"href":"https:\/\/blogs.correiobraziliense.com.br\/lianasabo\/wp-json\/wp\/v2\/posts\/368\/revisions\/371"}],"wp:featuredmedia":[{"embeddable":true,"href":"https:\/\/blogs.correiobraziliense.com.br\/lianasabo\/wp-json\/wp\/v2\/media\/369"}],"wp:attachment":[{"href":"https:\/\/blogs.correiobraziliense.com.br\/lianasabo\/wp-json\/wp\/v2\/media?parent=368"}],"wp:term":[{"taxonomy":"category","embeddable":true,"href":"https:\/\/blogs.correiobraziliense.com.br\/lianasabo\/wp-json\/wp\/v2\/categories?post=368"},{"taxonomy":"post_tag","embeddable":true,"href":"https:\/\/blogs.correiobraziliense.com.br\/lianasabo\/wp-json\/wp\/v2\/tags?post=368"}],"curies":[{"name":"wp","href":"https:\/\/api.w.org\/{rel}","templated":true}]}}