{"id":3638,"date":"2019-10-15T15:22:44","date_gmt":"2019-10-15T18:22:44","guid":{"rendered":"https:\/\/blogs.correiobraziliense.com.br\/lianasabo\/?p=3638"},"modified":"2019-10-15T15:22:44","modified_gmt":"2019-10-15T18:22:44","slug":"experimente-vinhos-premium-espanhois-no-menu-do-dom-francisco-da-asbac","status":"publish","type":"post","link":"https:\/\/blogs.correiobraziliense.com.br\/lianasabo\/experimente-vinhos-premium-espanhois-no-menu-do-dom-francisco-da-asbac\/","title":{"rendered":"Experimente vinhos premium espanhois no menu do Dom Francisco da Asbac"},"content":{"rendered":"<p>&nbsp;<\/p>\n<p>Nascida em Bras\u00edlia, a importadora Del Maipo que j\u00e1 est\u00e1 presente em Miami, se d\u00e1 ao luxo de ter um assessor externo de projetos vitivin\u00edcolas. Ele se chama Pablo Miranda \u00e9 espanhol e estar\u00e1 presente ter\u00e7a-feira, dia 15, no restaurante Dom Francisco da Asbac, comandando um jantar harmonizado com vinhos premium produzidos pelas mais importantes bodegas da regi\u00e3o de Castilla Y Le\u00f3n, da Espanha. Com a salada mar e monte com arub\u00e9 (concentrado de tucupi) ser\u00e1 servido o Vizar branco Gran Ababol. Nhoque de mangarito com ragu de lingui\u00e7a artesanal su\u00edna vai \u00e0 mesa com Requiem. Outro tinto Quinta de la Quietud ir\u00e1 harmonizar o suculento ac\u00e9m Denver escoltado por farofa de ovos, enquanto o top C\u00e9sar Pr\u00edncipe acompanha fil\u00e9-mignon de cordeiro com molho roti e batata saut\u00e9.<br \/>\nO jantar, marcado para come\u00e7ar \u00e0s 19h30, sai por R$ 220 por pessoa. Reservas pelo telefone: 3226-2005.<\/p>\n","protected":false},"excerpt":{"rendered":"<p>&nbsp; Nascida em Bras\u00edlia, a importadora Del Maipo que j\u00e1 est\u00e1 presente em Miami, se d\u00e1 ao luxo de ter um assessor externo de projetos vitivin\u00edcolas. Ele se chama Pablo Miranda \u00e9 espanhol e estar\u00e1 presente ter\u00e7a-feira, dia 15, no restaurante Dom Francisco da Asbac, comandando um jantar harmonizado com vinhos premium produzidos pelas mais importantes bodegas da regi\u00e3o de [&hellip;]<\/p>\n","protected":false},"author":54,"featured_media":3639,"comment_status":"open","ping_status":"open","sticky":false,"template":"","format":"standard","meta":{"footnotes":""},"categories":[1],"tags":[],"class_list":["post-3638","post","type-post","status-publish","format-standard","has-post-thumbnail","hentry","category-sem-categoria"],"_links":{"self":[{"href":"https:\/\/blogs.correiobraziliense.com.br\/lianasabo\/wp-json\/wp\/v2\/posts\/3638","targetHints":{"allow":["GET"]}}],"collection":[{"href":"https:\/\/blogs.correiobraziliense.com.br\/lianasabo\/wp-json\/wp\/v2\/posts"}],"about":[{"href":"https:\/\/blogs.correiobraziliense.com.br\/lianasabo\/wp-json\/wp\/v2\/types\/post"}],"author":[{"embeddable":true,"href":"https:\/\/blogs.correiobraziliense.com.br\/lianasabo\/wp-json\/wp\/v2\/users\/54"}],"replies":[{"embeddable":true,"href":"https:\/\/blogs.correiobraziliense.com.br\/lianasabo\/wp-json\/wp\/v2\/comments?post=3638"}],"version-history":[{"count":1,"href":"https:\/\/blogs.correiobraziliense.com.br\/lianasabo\/wp-json\/wp\/v2\/posts\/3638\/revisions"}],"predecessor-version":[{"id":3640,"href":"https:\/\/blogs.correiobraziliense.com.br\/lianasabo\/wp-json\/wp\/v2\/posts\/3638\/revisions\/3640"}],"wp:featuredmedia":[{"embeddable":true,"href":"https:\/\/blogs.correiobraziliense.com.br\/lianasabo\/wp-json\/wp\/v2\/media\/3639"}],"wp:attachment":[{"href":"https:\/\/blogs.correiobraziliense.com.br\/lianasabo\/wp-json\/wp\/v2\/media?parent=3638"}],"wp:term":[{"taxonomy":"category","embeddable":true,"href":"https:\/\/blogs.correiobraziliense.com.br\/lianasabo\/wp-json\/wp\/v2\/categories?post=3638"},{"taxonomy":"post_tag","embeddable":true,"href":"https:\/\/blogs.correiobraziliense.com.br\/lianasabo\/wp-json\/wp\/v2\/tags?post=3638"}],"curies":[{"name":"wp","href":"https:\/\/api.w.org\/{rel}","templated":true}]}}