{"id":360,"date":"2016-08-19T09:00:02","date_gmt":"2016-08-19T12:00:02","guid":{"rendered":"https:\/\/blogs.correiobraziliense.com.br\/lianasabo\/?p=360"},"modified":"2016-08-18T18:59:42","modified_gmt":"2016-08-18T21:59:42","slug":"cafe-do-brasil","status":"publish","type":"post","link":"https:\/\/blogs.correiobraziliense.com.br\/lianasabo\/cafe-do-brasil\/","title":{"rendered":"Caf\u00e9 do Brasil"},"content":{"rendered":"<p>Os Jogos Ol\u00edmpicos do Rio de Janeiro terminam domingo, mas a imagem e a lembran\u00e7a do Brasil v\u00e3o perdurar por mais tr\u00eas meses, pelo menos, em 64 pa\u00edses do mundo, onde as lojas da Nespresso exibir\u00e3o a partir do dia 29 as c\u00e1psulas verde-amarelas do mais novo lan\u00e7amento. Nelas, o <i>Cafezinho do Brasil <\/i>traz o sabor aut\u00eantico da bebida preferida pelo p\u00fablico nacional.<\/p>\n<p>Especialistas da marca, que completa 10 anos no Brasil e 30 no mundo, desembarcaram no pa\u00eds para descobrir o gosto do brasileiro e optaram por um expresso de intensidade 9, aveludado e com notas de s\u00e2ndalo e noz, composto por gr\u00e3os de ar\u00e1bica do Cerrado mineiro, Esp\u00edrito Santo e bourbon de Carmo de Minas e Po\u00e7os de Caldas.<\/p>\n<p>A edi\u00e7\u00e3o \u00e9 limitada a 11 semanas e no Brasil pode ser encontrada em todas as lojas da grife que convidou o chef Rodrigo Oliveira, do Mocot\u00f3 de S\u00e3o Paulo, para desenvolver pratos que usem o blend na receita. Veja no blog, o passo a passo para fazer em casa.<\/p>\n","protected":false},"excerpt":{"rendered":"<p>Os Jogos Ol\u00edmpicos do Rio de Janeiro terminam domingo, mas a imagem e a lembran\u00e7a do Brasil v\u00e3o perdurar por mais tr\u00eas meses, pelo menos, em 64 pa\u00edses do mundo, onde as lojas da Nespresso exibir\u00e3o a partir do dia 29 as c\u00e1psulas verde-amarelas do mais novo lan\u00e7amento. Nelas, o Cafezinho do Brasil traz o sabor aut\u00eantico da bebida preferida [&hellip;]<\/p>\n","protected":false},"author":54,"featured_media":361,"comment_status":"open","ping_status":"open","sticky":false,"template":"","format":"standard","meta":{"footnotes":""},"categories":[1],"tags":[],"class_list":["post-360","post","type-post","status-publish","format-standard","has-post-thumbnail","hentry","category-sem-categoria"],"_links":{"self":[{"href":"https:\/\/blogs.correiobraziliense.com.br\/lianasabo\/wp-json\/wp\/v2\/posts\/360","targetHints":{"allow":["GET"]}}],"collection":[{"href":"https:\/\/blogs.correiobraziliense.com.br\/lianasabo\/wp-json\/wp\/v2\/posts"}],"about":[{"href":"https:\/\/blogs.correiobraziliense.com.br\/lianasabo\/wp-json\/wp\/v2\/types\/post"}],"author":[{"embeddable":true,"href":"https:\/\/blogs.correiobraziliense.com.br\/lianasabo\/wp-json\/wp\/v2\/users\/54"}],"replies":[{"embeddable":true,"href":"https:\/\/blogs.correiobraziliense.com.br\/lianasabo\/wp-json\/wp\/v2\/comments?post=360"}],"version-history":[{"count":1,"href":"https:\/\/blogs.correiobraziliense.com.br\/lianasabo\/wp-json\/wp\/v2\/posts\/360\/revisions"}],"predecessor-version":[{"id":362,"href":"https:\/\/blogs.correiobraziliense.com.br\/lianasabo\/wp-json\/wp\/v2\/posts\/360\/revisions\/362"}],"wp:featuredmedia":[{"embeddable":true,"href":"https:\/\/blogs.correiobraziliense.com.br\/lianasabo\/wp-json\/wp\/v2\/media\/361"}],"wp:attachment":[{"href":"https:\/\/blogs.correiobraziliense.com.br\/lianasabo\/wp-json\/wp\/v2\/media?parent=360"}],"wp:term":[{"taxonomy":"category","embeddable":true,"href":"https:\/\/blogs.correiobraziliense.com.br\/lianasabo\/wp-json\/wp\/v2\/categories?post=360"},{"taxonomy":"post_tag","embeddable":true,"href":"https:\/\/blogs.correiobraziliense.com.br\/lianasabo\/wp-json\/wp\/v2\/tags?post=360"}],"curies":[{"name":"wp","href":"https:\/\/api.w.org\/{rel}","templated":true}]}}