{"id":3541,"date":"2019-09-06T09:00:29","date_gmt":"2019-09-06T12:00:29","guid":{"rendered":"https:\/\/blogs.correiobraziliense.com.br\/lianasabo\/?p=3541"},"modified":"2019-09-05T15:51:48","modified_gmt":"2019-09-05T18:51:48","slug":"confira-o-menu-da-festa-madrugada-sem-fronteiras-em-aguas-claras","status":"publish","type":"post","link":"https:\/\/blogs.correiobraziliense.com.br\/lianasabo\/confira-o-menu-da-festa-madrugada-sem-fronteiras-em-aguas-claras\/","title":{"rendered":"Confira o menu da festa Madrugada sem fronteiras, em \u00c1guas Claras"},"content":{"rendered":"<h2>Sem dormir<\/h2>\n<p>Tem coisa melhor que ficar acordado por uma boa raz\u00e3o? Desde que se possa comer (bem), beber (idem), dan\u00e7ar e se divertir, a resposta \u00e9 n\u00e3o. Ent\u00e3o, est\u00e1 garantido o sucesso de Madrugada sem fronteiras, a festa que a chef e empres\u00e1ria Lidia Nasser promove a partir de 0h at\u00e9 5h de domingo no complexo gastron\u00f4mico Emp\u00f3rio \u00c1rabe, que ocupa um grande espa\u00e7o na Avenida Castanheiras, Lote 1060, Edif\u00edcio Vila Mall, em \u00c1guas Claras.<\/p>\n<p>L\u00e1, voc\u00ea poder\u00e1 se deliciar com as principais iguarias das cinco cozinhas que comp\u00f5em o conglomerado, a partir da grife pioneira que oferece quibes cru e frito, tabule, homus, babaganoush, arroz com lentilhas, kafta, charutos de uva e repolho, carneiro marroquino e esfihas. J\u00e1 na opera\u00e7\u00e3o italiana, Dolce Far Niente servir\u00e1 p\u00e3es, queijos, frios e minipizzas, enquanto o japinha MaYuu ter\u00e1 ilhas com ceviche, tataki, sashimi de atum, salm\u00e3o e peixe branco, hossomaki, uramaki, yakisoba misto, camar\u00e3o imperial e shimeji (foto).<\/p>\n<p>Miniburger de fil\u00e9-mignon, bem umedecido acompanhado de bacon e fritas vem do D\u00f3lar Furado, um para\u00edso infantil que os adultos adoram. Depois de saborear tudo e dan\u00e7ar muito ao som de duas bandas (Brega &amp; Rosas e Brasiliana) e DJs, um docinho se imp\u00f5e. Voc\u00ea poder\u00e1 encontrar diversos sabores como tartellette de frutas, \u00e9clair, pav\u00ea de abacaxi, bolo de doce de leite, damasco com chocolate e tortas de lim\u00e3o e prest\u00edgio. A noitada completa sai por R$ 250 e os convites est\u00e3o \u00e0 venda nas lojas do grupo em \u00c1guas Claras e na 215 Sul.<\/p>\n","protected":false},"excerpt":{"rendered":"<p>Sem dormir Tem coisa melhor que ficar acordado por uma boa raz\u00e3o? Desde que se possa comer (bem), beber (idem), dan\u00e7ar e se divertir, a resposta \u00e9 n\u00e3o. Ent\u00e3o, est\u00e1 garantido o sucesso de Madrugada sem fronteiras, a festa que a chef e empres\u00e1ria Lidia Nasser promove a partir de 0h at\u00e9 5h de domingo no complexo gastron\u00f4mico Emp\u00f3rio \u00c1rabe, [&hellip;]<\/p>\n","protected":false},"author":54,"featured_media":3542,"comment_status":"open","ping_status":"open","sticky":false,"template":"","format":"standard","meta":{"footnotes":""},"categories":[1],"tags":[],"class_list":["post-3541","post","type-post","status-publish","format-standard","has-post-thumbnail","hentry","category-sem-categoria"],"_links":{"self":[{"href":"https:\/\/blogs.correiobraziliense.com.br\/lianasabo\/wp-json\/wp\/v2\/posts\/3541","targetHints":{"allow":["GET"]}}],"collection":[{"href":"https:\/\/blogs.correiobraziliense.com.br\/lianasabo\/wp-json\/wp\/v2\/posts"}],"about":[{"href":"https:\/\/blogs.correiobraziliense.com.br\/lianasabo\/wp-json\/wp\/v2\/types\/post"}],"author":[{"embeddable":true,"href":"https:\/\/blogs.correiobraziliense.com.br\/lianasabo\/wp-json\/wp\/v2\/users\/54"}],"replies":[{"embeddable":true,"href":"https:\/\/blogs.correiobraziliense.com.br\/lianasabo\/wp-json\/wp\/v2\/comments?post=3541"}],"version-history":[{"count":1,"href":"https:\/\/blogs.correiobraziliense.com.br\/lianasabo\/wp-json\/wp\/v2\/posts\/3541\/revisions"}],"predecessor-version":[{"id":3543,"href":"https:\/\/blogs.correiobraziliense.com.br\/lianasabo\/wp-json\/wp\/v2\/posts\/3541\/revisions\/3543"}],"wp:featuredmedia":[{"embeddable":true,"href":"https:\/\/blogs.correiobraziliense.com.br\/lianasabo\/wp-json\/wp\/v2\/media\/3542"}],"wp:attachment":[{"href":"https:\/\/blogs.correiobraziliense.com.br\/lianasabo\/wp-json\/wp\/v2\/media?parent=3541"}],"wp:term":[{"taxonomy":"category","embeddable":true,"href":"https:\/\/blogs.correiobraziliense.com.br\/lianasabo\/wp-json\/wp\/v2\/categories?post=3541"},{"taxonomy":"post_tag","embeddable":true,"href":"https:\/\/blogs.correiobraziliense.com.br\/lianasabo\/wp-json\/wp\/v2\/tags?post=3541"}],"curies":[{"name":"wp","href":"https:\/\/api.w.org\/{rel}","templated":true}]}}