{"id":3525,"date":"2019-08-30T11:30:39","date_gmt":"2019-08-30T14:30:39","guid":{"rendered":"https:\/\/blogs.correiobraziliense.com.br\/lianasabo\/?p=3525"},"modified":"2019-08-30T10:12:23","modified_gmt":"2019-08-30T13:12:23","slug":"feira-do-panela-candanga-segue-ate-domingo-no-casapark","status":"publish","type":"post","link":"https:\/\/blogs.correiobraziliense.com.br\/lianasabo\/feira-do-panela-candanga-segue-ate-domingo-no-casapark\/","title":{"rendered":"Feira do Panela Candanga segue at\u00e9 domingo no CasaPark"},"content":{"rendered":"<h2>Fa\u00e7a a feira<\/h2>\n<p>Aberta desde quinta-feira (29\/8) no CasaPark, a feira Panela Candanga leva a quarta edi\u00e7\u00e3o at\u00e9 domingo com uma estrutura de comercializa\u00e7\u00e3o em 26 estandes de produtos locais, que v\u00e3o de lingui\u00e7as a ch\u00e1s; de geleias e compotas \u00e0s cervejas artesanais; de doces de leite \u00e0s kombuchas; dos queijos \u00e0s cacha\u00e7as. Produtos org\u00e2nicos variados, bolos, tortas, pimentas tamb\u00e9m poder\u00e3o ser encontrados l\u00e1 na mostra que tem como curadoras Luciana Alcamim e Carol Monteiro. Funciona hoje e amanh\u00e3, das 12h \u00e0s 22h e, no domingo, das 12h \u00e0s 19h.<\/p>\n","protected":false},"excerpt":{"rendered":"<p>Fa\u00e7a a feira Aberta desde quinta-feira (29\/8) no CasaPark, a feira Panela Candanga leva a quarta edi\u00e7\u00e3o at\u00e9 domingo com uma estrutura de comercializa\u00e7\u00e3o em 26 estandes de produtos locais, que v\u00e3o de lingui\u00e7as a ch\u00e1s; de geleias e compotas \u00e0s cervejas artesanais; de doces de leite \u00e0s kombuchas; dos queijos \u00e0s cacha\u00e7as. Produtos org\u00e2nicos variados, bolos, tortas, pimentas tamb\u00e9m [&hellip;]<\/p>\n","protected":false},"author":54,"featured_media":0,"comment_status":"open","ping_status":"open","sticky":false,"template":"","format":"standard","meta":{"footnotes":""},"categories":[1],"tags":[],"class_list":["post-3525","post","type-post","status-publish","format-standard","hentry","category-sem-categoria"],"_links":{"self":[{"href":"https:\/\/blogs.correiobraziliense.com.br\/lianasabo\/wp-json\/wp\/v2\/posts\/3525","targetHints":{"allow":["GET"]}}],"collection":[{"href":"https:\/\/blogs.correiobraziliense.com.br\/lianasabo\/wp-json\/wp\/v2\/posts"}],"about":[{"href":"https:\/\/blogs.correiobraziliense.com.br\/lianasabo\/wp-json\/wp\/v2\/types\/post"}],"author":[{"embeddable":true,"href":"https:\/\/blogs.correiobraziliense.com.br\/lianasabo\/wp-json\/wp\/v2\/users\/54"}],"replies":[{"embeddable":true,"href":"https:\/\/blogs.correiobraziliense.com.br\/lianasabo\/wp-json\/wp\/v2\/comments?post=3525"}],"version-history":[{"count":1,"href":"https:\/\/blogs.correiobraziliense.com.br\/lianasabo\/wp-json\/wp\/v2\/posts\/3525\/revisions"}],"predecessor-version":[{"id":3526,"href":"https:\/\/blogs.correiobraziliense.com.br\/lianasabo\/wp-json\/wp\/v2\/posts\/3525\/revisions\/3526"}],"wp:attachment":[{"href":"https:\/\/blogs.correiobraziliense.com.br\/lianasabo\/wp-json\/wp\/v2\/media?parent=3525"}],"wp:term":[{"taxonomy":"category","embeddable":true,"href":"https:\/\/blogs.correiobraziliense.com.br\/lianasabo\/wp-json\/wp\/v2\/categories?post=3525"},{"taxonomy":"post_tag","embeddable":true,"href":"https:\/\/blogs.correiobraziliense.com.br\/lianasabo\/wp-json\/wp\/v2\/tags?post=3525"}],"curies":[{"name":"wp","href":"https:\/\/api.w.org\/{rel}","templated":true}]}}