{"id":3480,"date":"2019-08-15T17:00:33","date_gmt":"2019-08-15T20:00:33","guid":{"rendered":"https:\/\/blogs.correiobraziliense.com.br\/lianasabo\/?p=3480"},"modified":"2019-08-15T17:11:34","modified_gmt":"2019-08-15T20:11:34","slug":"veja-quais-sao-os-6-icones-argentinos-apontados-por-copello","status":"publish","type":"post","link":"https:\/\/blogs.correiobraziliense.com.br\/lianasabo\/veja-quais-sao-os-6-icones-argentinos-apontados-por-copello\/","title":{"rendered":"Veja quais s\u00e3o os 6 \u00edcones argentinos apontados por Copello"},"content":{"rendered":"<p>Um dos pontos altos do Rio Wine &amp; Food Festival, encerrado domingo, foi a degusta\u00e7\u00e3o de seis super tintos apresentados por Marcelo Copello, um dos dois s\u00f3cios do evento (o outro \u00e9 S\u00e9rgio Queiroz), que garimpou \u00edcones com o selo Wines of Argentina. Bastante did\u00e1tica, a master class intitulada Excel\u00eancia Argentina serviu de orienta\u00e7\u00e3o para o consumidor da bebida do pa\u00eds de Gardel escolher suas prefer\u00eancias. Quase todos os r\u00f3tulos t\u00eam Malbec, a uva emblem\u00e1tica argentina que conquistou o mundo com seus tintos potentes e elegantes. S\u00e3o eles:<br \/>\n1 \u2013 Kaiken Qualimpor 2017, 100%Malbec com 18 meses em barrica francesa.<br \/>\n2 \u2013 Bonarda Partida Limitada 2017, da vin\u00edcola Nieto Senetiner, vem ao Brasil pela Casa Flora.<br \/>\n3 &#8211; Luigi Bosca Icono 2011 com 54% Malbec, 46% Cabernet Sauvignon, importado pela Decanter.<br \/>\n4 \u2013 Bramare Malbec 2015 da Vi\u00f1a Cobos no Valle de Uco tem 15% de teor alco\u00f3lico trazido pela Grand Cru<br \/>\n5 &#8211; Cadus Tupongato Malbec 2017, tamb\u00e9m da Casa Flora.<br \/>\n6 \u2013 Nosotros 2013 de Susana Balbo, a grande dama da enologia argentina \u00e9 100% Malbec, \u00e9 trunfo da Cantu.<\/p>\n<div id='gallery-1' class='gallery galleryid-3480 gallery-columns-3 gallery-size-thumbnail'><figure class='gallery-item'>\n\t\t\t<div class='gallery-icon portrait'>\n\t\t\t\t<a href='https:\/\/blogs.correiobraziliense.com.br\/lianasabo\/veja-quais-sao-os-6-icones-argentinos-apontados-por-copello\/cbpfot130820190629\/'><img loading=\"lazy\" decoding=\"async\" width=\"150\" height=\"150\" src=\"https:\/\/blogs.correiobraziliense.com.br\/lianasabo\/wp-content\/uploads\/sites\/25\/2019\/08\/CBPFOT130820190629-150x150.jpg\" class=\"attachment-thumbnail size-thumbnail\" alt=\"\" aria-describedby=\"gallery-1-3485\" \/><\/a>\n\t\t\t<\/div>\n\t\t\t\t<figcaption class='wp-caption-text gallery-caption' id='gallery-1-3485'>\n\t\t\t\t13\/08\/2019. Cr\u00e9dito: Liana Sabo\/CB\/D.A. Press. Brasil. Rio de Janeiro &#8211; RJ. Favas Contadas. Vinhos \u00edcones argentinos. Vinho Nosotros.\n\t\t\t\t<\/figcaption><\/figure><figure class='gallery-item'>\n\t\t\t<div class='gallery-icon portrait'>\n\t\t\t\t<a href='https:\/\/blogs.correiobraziliense.com.br\/lianasabo\/veja-quais-sao-os-6-icones-argentinos-apontados-por-copello\/cbpfot130820190626\/'><img loading=\"lazy\" decoding=\"async\" width=\"150\" height=\"150\" src=\"https:\/\/blogs.correiobraziliense.com.br\/lianasabo\/wp-content\/uploads\/sites\/25\/2019\/08\/CBPFOT130820190626-150x150.jpg\" class=\"attachment-thumbnail size-thumbnail\" alt=\"\" aria-describedby=\"gallery-1-3486\" \/><\/a>\n\t\t\t<\/div>\n\t\t\t\t<figcaption class='wp-caption-text gallery-caption' id='gallery-1-3486'>\n\t\t\t\t13\/08\/2019. Cr\u00e9dito: Liana Sabo\/CB\/D.A. Press. Brasil. Rio de Janeiro &#8211; RJ. Favas Contadas. Vinhos \u00edcones argentinos. Vinho Kaiken.\n\t\t\t\t<\/figcaption><\/figure><figure class='gallery-item'>\n\t\t\t<div class='gallery-icon portrait'>\n\t\t\t\t<a href='https:\/\/blogs.correiobraziliense.com.br\/lianasabo\/veja-quais-sao-os-6-icones-argentinos-apontados-por-copello\/cbpfot130820190628\/'><img loading=\"lazy\" decoding=\"async\" width=\"150\" height=\"150\" src=\"https:\/\/blogs.correiobraziliense.com.br\/lianasabo\/wp-content\/uploads\/sites\/25\/2019\/08\/CBPFOT130820190628-150x150.jpg\" class=\"attachment-thumbnail size-thumbnail\" alt=\"\" aria-describedby=\"gallery-1-3487\" \/><\/a>\n\t\t\t<\/div>\n\t\t\t\t<figcaption class='wp-caption-text gallery-caption' id='gallery-1-3487'>\n\t\t\t\t13\/08\/2019. Cr\u00e9dito: Liana Sabo\/CB\/D.A. Press. Brasil. Rio de Janeiro &#8211; RJ. Favas Contadas. Vinhos \u00edcones argentinos. Vinho Cadus Appellation Tupungato Malbec.\n\t\t\t\t<\/figcaption><\/figure><figure class='gallery-item'>\n\t\t\t<div class='gallery-icon portrait'>\n\t\t\t\t<a href='https:\/\/blogs.correiobraziliense.com.br\/lianasabo\/veja-quais-sao-os-6-icones-argentinos-apontados-por-copello\/cbpfot130820190627\/'><img loading=\"lazy\" decoding=\"async\" width=\"150\" height=\"150\" src=\"https:\/\/blogs.correiobraziliense.com.br\/lianasabo\/wp-content\/uploads\/sites\/25\/2019\/08\/CBPFOT130820190627-150x150.jpg\" class=\"attachment-thumbnail size-thumbnail\" alt=\"\" aria-describedby=\"gallery-1-3488\" \/><\/a>\n\t\t\t<\/div>\n\t\t\t\t<figcaption class='wp-caption-text gallery-caption' id='gallery-1-3488'>\n\t\t\t\t13\/08\/2019. Cr\u00e9dito: Liana Sabo\/CB\/D.A. Press. Brasil. Rio de Janeiro &#8211; RJ. Favas Contadas. Vinhos \u00edcones argentinos. Vinho Luigi Bosca.\n\t\t\t\t<\/figcaption><\/figure>\n\t\t<\/div>\n\n","protected":false},"excerpt":{"rendered":"<p>Um dos pontos altos do Rio Wine &amp; Food Festival, encerrado domingo, foi a degusta\u00e7\u00e3o de seis super tintos apresentados por Marcelo Copello, um dos dois s\u00f3cios do evento (o outro \u00e9 S\u00e9rgio Queiroz), que garimpou \u00edcones com o selo Wines of Argentina. Bastante did\u00e1tica, a master class intitulada Excel\u00eancia Argentina serviu de orienta\u00e7\u00e3o para o consumidor da bebida do [&hellip;]<\/p>\n","protected":false},"author":54,"featured_media":3452,"comment_status":"open","ping_status":"open","sticky":false,"template":"","format":"standard","meta":{"footnotes":""},"categories":[1],"tags":[],"class_list":["post-3480","post","type-post","status-publish","format-standard","has-post-thumbnail","hentry","category-sem-categoria"],"_links":{"self":[{"href":"https:\/\/blogs.correiobraziliense.com.br\/lianasabo\/wp-json\/wp\/v2\/posts\/3480","targetHints":{"allow":["GET"]}}],"collection":[{"href":"https:\/\/blogs.correiobraziliense.com.br\/lianasabo\/wp-json\/wp\/v2\/posts"}],"about":[{"href":"https:\/\/blogs.correiobraziliense.com.br\/lianasabo\/wp-json\/wp\/v2\/types\/post"}],"author":[{"embeddable":true,"href":"https:\/\/blogs.correiobraziliense.com.br\/lianasabo\/wp-json\/wp\/v2\/users\/54"}],"replies":[{"embeddable":true,"href":"https:\/\/blogs.correiobraziliense.com.br\/lianasabo\/wp-json\/wp\/v2\/comments?post=3480"}],"version-history":[{"count":4,"href":"https:\/\/blogs.correiobraziliense.com.br\/lianasabo\/wp-json\/wp\/v2\/posts\/3480\/revisions"}],"predecessor-version":[{"id":3489,"href":"https:\/\/blogs.correiobraziliense.com.br\/lianasabo\/wp-json\/wp\/v2\/posts\/3480\/revisions\/3489"}],"wp:featuredmedia":[{"embeddable":true,"href":"https:\/\/blogs.correiobraziliense.com.br\/lianasabo\/wp-json\/wp\/v2\/media\/3452"}],"wp:attachment":[{"href":"https:\/\/blogs.correiobraziliense.com.br\/lianasabo\/wp-json\/wp\/v2\/media?parent=3480"}],"wp:term":[{"taxonomy":"category","embeddable":true,"href":"https:\/\/blogs.correiobraziliense.com.br\/lianasabo\/wp-json\/wp\/v2\/categories?post=3480"},{"taxonomy":"post_tag","embeddable":true,"href":"https:\/\/blogs.correiobraziliense.com.br\/lianasabo\/wp-json\/wp\/v2\/tags?post=3480"}],"curies":[{"name":"wp","href":"https:\/\/api.w.org\/{rel}","templated":true}]}}