{"id":3475,"date":"2019-08-16T09:00:01","date_gmt":"2019-08-16T12:00:01","guid":{"rendered":"https:\/\/blogs.correiobraziliense.com.br\/lianasabo\/?p=3475"},"modified":"2019-08-16T11:53:07","modified_gmt":"2019-08-16T14:53:07","slug":"conheca-os-vinhos-premiados-sexta-e-sabado-na-vinum-brasilis","status":"publish","type":"post","link":"https:\/\/blogs.correiobraziliense.com.br\/lianasabo\/conheca-os-vinhos-premiados-sexta-e-sabado-na-vinum-brasilis\/","title":{"rendered":"Conhe\u00e7a os vinhos premiados na Vinum Brasilis"},"content":{"rendered":"<p>&nbsp;<\/p>\n<p>Dotada de uma moderna estrutura de enoturismo, a vin\u00edcola Don Guerino, na Serra Ga\u00facha, localizada na regi\u00e3o conhecida por Vale da Felicidade, foi a grande vencedora do Concurso Vinum Brasilis com tr\u00eas vinhos entre os tops de tr\u00eas categorias. A empresa inaugurada em 2000 por Osvaldo Motter, a mulher, Salete, e tr\u00eas filhos, entre eles, o en\u00f3logo Bruno, emplacou a segunda posi\u00e7\u00e3o entre os espumantes e os brancos, e o primeiro lugar dos tintos.<\/p>\n<p>Aurora, a for\u00e7a do cooperativismo ga\u00facho na vitivinicultura, tamb\u00e9m teve tr\u00eas premiados: o melhor espumante Pinto Bandeira extra brut, o melhor branco, Chardonnay Reserva 2017 e o segundo tinto Pequenas Partilhas Cabernet Franc 2017.<\/p>\n<p>O que mais surpreendeu, por\u00e9m, foi o desempenho de uma pequena e jovem vin\u00edcola de Monte Belo (RS) chamada Marques Pereira, que produz o Quinta da Orada Corte II-2012, feito com 48% de uvas Tannat, 28% de Cabernet Sauvingnon e 24% de Merlot envelhecido em barrica de carvalho por 36 meses. O tinto empatou no primeiro lugar com Tra\u00e7os Blend 2015 da Don Guerino. Outros premiados foram Fausto, Chardonnay da Pizzato como melhor branco, mesma posi\u00e7\u00e3o do Chardonnay da Aurora. Valduga emplacou o terceiro lugar tanto na categoria branco, com entre os tintos.<\/p>\n<h3>Mais de 200 r\u00f3tulos<\/h3>\n<p>Os vinhos premiados estar\u00e3o entre mais de 200 r\u00f3tulos que poder\u00e3o ser degustados pelo p\u00fablico que comparecer \u00e0 12\u00aa edi\u00e7\u00e3o da Vinum Brasilis, a maior feira especializada em vinhos brasileiros da cidade, que ocorre, hoje e amanh\u00e3, no estacionamento do shopping Iguatemi. Criada por Petrus Elesb\u00e3o, a mostra nos \u00faltimos anos conta com Guto Jabour na organiza\u00e7\u00e3o. \u201cApesar da crise econ\u00f4mica, conseguimos atrair 30 vin\u00edcolas\u201d, comemora Guto, que traz tamb\u00e9m duas cacha\u00e7arias, queijos e chocolates brasileiros.<\/p>\n<p>Al\u00e9m de ter contato direto com en\u00f3logos e outros especialistas, os visitantes poder\u00e3o adquirir os produtos na feira com pre\u00e7os especiais. Os ingressos est\u00e3o sendo vendidos a R$ 90 pelo aplicativo GB Produ\u00e7\u00f5es ou por meio do site www.vinumbrasilis.com.<\/p>\n","protected":false},"excerpt":{"rendered":"<p>&nbsp; Dotada de uma moderna estrutura de enoturismo, a vin\u00edcola Don Guerino, na Serra Ga\u00facha, localizada na regi\u00e3o conhecida por Vale da Felicidade, foi a grande vencedora do Concurso Vinum Brasilis com tr\u00eas vinhos entre os tops de tr\u00eas categorias. A empresa inaugurada em 2000 por Osvaldo Motter, a mulher, Salete, e tr\u00eas filhos, entre eles, o en\u00f3logo Bruno, emplacou [&hellip;]<\/p>\n","protected":false},"author":54,"featured_media":3478,"comment_status":"open","ping_status":"open","sticky":false,"template":"","format":"standard","meta":{"footnotes":""},"categories":[1],"tags":[],"class_list":["post-3475","post","type-post","status-publish","format-standard","has-post-thumbnail","hentry","category-sem-categoria"],"_links":{"self":[{"href":"https:\/\/blogs.correiobraziliense.com.br\/lianasabo\/wp-json\/wp\/v2\/posts\/3475","targetHints":{"allow":["GET"]}}],"collection":[{"href":"https:\/\/blogs.correiobraziliense.com.br\/lianasabo\/wp-json\/wp\/v2\/posts"}],"about":[{"href":"https:\/\/blogs.correiobraziliense.com.br\/lianasabo\/wp-json\/wp\/v2\/types\/post"}],"author":[{"embeddable":true,"href":"https:\/\/blogs.correiobraziliense.com.br\/lianasabo\/wp-json\/wp\/v2\/users\/54"}],"replies":[{"embeddable":true,"href":"https:\/\/blogs.correiobraziliense.com.br\/lianasabo\/wp-json\/wp\/v2\/comments?post=3475"}],"version-history":[{"count":4,"href":"https:\/\/blogs.correiobraziliense.com.br\/lianasabo\/wp-json\/wp\/v2\/posts\/3475\/revisions"}],"predecessor-version":[{"id":3490,"href":"https:\/\/blogs.correiobraziliense.com.br\/lianasabo\/wp-json\/wp\/v2\/posts\/3475\/revisions\/3490"}],"wp:featuredmedia":[{"embeddable":true,"href":"https:\/\/blogs.correiobraziliense.com.br\/lianasabo\/wp-json\/wp\/v2\/media\/3478"}],"wp:attachment":[{"href":"https:\/\/blogs.correiobraziliense.com.br\/lianasabo\/wp-json\/wp\/v2\/media?parent=3475"}],"wp:term":[{"taxonomy":"category","embeddable":true,"href":"https:\/\/blogs.correiobraziliense.com.br\/lianasabo\/wp-json\/wp\/v2\/categories?post=3475"},{"taxonomy":"post_tag","embeddable":true,"href":"https:\/\/blogs.correiobraziliense.com.br\/lianasabo\/wp-json\/wp\/v2\/tags?post=3475"}],"curies":[{"name":"wp","href":"https:\/\/api.w.org\/{rel}","templated":true}]}}