{"id":3429,"date":"2019-08-01T08:00:56","date_gmt":"2019-08-01T11:00:56","guid":{"rendered":"https:\/\/blogs.correiobraziliense.com.br\/lianasabo\/?p=3429"},"modified":"2019-08-01T18:17:01","modified_gmt":"2019-08-01T21:17:01","slug":"veja-os-principais-eventos-gastros-de-agosto","status":"publish","type":"post","link":"https:\/\/blogs.correiobraziliense.com.br\/lianasabo\/veja-os-principais-eventos-gastros-de-agosto\/","title":{"rendered":"Veja os principais eventos gastr\u00f4 do m\u00eas"},"content":{"rendered":"<p>O blog preparou\u00a0 uma agenda enxuta com a programa\u00e7\u00e3o gastron\u00f4mica que voc\u00ea n\u00e3o pode perder<\/p>\n<p>1\u00ba a 4 \u2013 10\u00ba Slow Filme exibe 23 t\u00edtulos entre longas, m\u00e9dias e curta-metragens no Cine Bras\u00edlia e Espa\u00e7o Cultural Renato Russo, na 508 Sul.<\/p>\n<p>3 a 4 \u2013 Festival Fartura S\u00e3o Paulo re\u00fane grandes chefs entre eles, o brasiliense Leo Hamu, que servir\u00e1 p\u00e3o recheado de lingui\u00e7a caipira conservada na banha, ragu de lingui\u00e7as, mostarda como ma\u00e7\u00e3 verde, molho chipotle e queijo, no Jockey Club.<\/p>\n<figure id=\"attachment_3430\" aria-describedby=\"caption-attachment-3430\" style=\"width: 200px\" class=\"wp-caption alignleft\"><a href=\"https:\/\/blogs.correiobraziliense.com.br\/lianasabo\/wp-content\/uploads\/sites\/25\/2019\/07\/CBNFOT300720190294.jpg\"><img loading=\"lazy\" decoding=\"async\" class=\"wp-image-3430 size-medium\" src=\"https:\/\/blogs.correiobraziliense.com.br\/lianasabo\/wp-content\/uploads\/sites\/25\/2019\/07\/CBNFOT300720190294-200x300.jpg\" alt=\"\" width=\"200\" height=\"300\" srcset=\"https:\/\/blogs.correiobraziliense.com.br\/lianasabo\/wp-content\/uploads\/sites\/25\/2019\/07\/CBNFOT300720190294-200x300.jpg 200w, https:\/\/blogs.correiobraziliense.com.br\/lianasabo\/wp-content\/uploads\/sites\/25\/2019\/07\/CBNFOT300720190294-768x1152.jpg 768w, https:\/\/blogs.correiobraziliense.com.br\/lianasabo\/wp-content\/uploads\/sites\/25\/2019\/07\/CBNFOT300720190294-683x1024.jpg 683w, https:\/\/blogs.correiobraziliense.com.br\/lianasabo\/wp-content\/uploads\/sites\/25\/2019\/07\/CBNFOT300720190294-550x825.jpg 550w, https:\/\/blogs.correiobraziliense.com.br\/lianasabo\/wp-content\/uploads\/sites\/25\/2019\/07\/CBNFOT300720190294-230x345.jpg 230w, https:\/\/blogs.correiobraziliense.com.br\/lianasabo\/wp-content\/uploads\/sites\/25\/2019\/07\/CBNFOT300720190294.jpg 800w\" sizes=\"auto, (max-width: 200px) 100vw, 200px\" \/><\/a><figcaption id=\"caption-attachment-3430\" class=\"wp-caption-text\">Doizum\/Divulga\u00e7\u00e3o. Chef Leo Hamu leva deliciosos embutidos de carne su\u00edna para Sampa<\/figcaption><\/figure>\n<p>6 a 18 &#8211; The Wineyard Experience na Pra\u00e7a Central do ParkShopping mostra o processo de produ\u00e7\u00e3o do vinho com a presen\u00e7a de especialistas que v\u00e3o orientar a degusta\u00e7\u00e3o para o p\u00fablico.<\/p>\n<p>10 \u2013 4\u00aa edi\u00e7\u00e3o do Festival Peruano com apresenta\u00e7\u00e3o de folclore, document\u00e1rios, bazar e comidas t\u00edpicas na Embaixada do Peru, no hor\u00e1rio das 10h \u00e0s 18h. Na programa\u00e7\u00e3o gastron\u00f4mica, o chef\u00a0 Marco Espinoza, do Tayp\u00e1, traz dois renomados colegas peruanos Egardo Umeres e Rodrigo Valencia, especializado na culin\u00e1ria chifa (fus\u00e3o da chinesa com a peruana). Entrada gratuita mediante a doa\u00e7\u00e3o de 1 kg de alimento n\u00e3o perec\u00edvel.<\/p>\n<figure id=\"attachment_3441\" aria-describedby=\"caption-attachment-3441\" style=\"width: 200px\" class=\"wp-caption alignright\"><a href=\"https:\/\/blogs.correiobraziliense.com.br\/lianasabo\/wp-content\/uploads\/sites\/25\/2019\/08\/CBNFOT261020150910.jpg\"><img loading=\"lazy\" decoding=\"async\" class=\"size-medium wp-image-3441\" src=\"https:\/\/blogs.correiobraziliense.com.br\/lianasabo\/wp-content\/uploads\/sites\/25\/2019\/08\/CBNFOT261020150910-200x300.jpg\" alt=\"\" width=\"200\" height=\"300\" srcset=\"https:\/\/blogs.correiobraziliense.com.br\/lianasabo\/wp-content\/uploads\/sites\/25\/2019\/08\/CBNFOT261020150910-200x300.jpg 200w, https:\/\/blogs.correiobraziliense.com.br\/lianasabo\/wp-content\/uploads\/sites\/25\/2019\/08\/CBNFOT261020150910-768x1152.jpg 768w, https:\/\/blogs.correiobraziliense.com.br\/lianasabo\/wp-content\/uploads\/sites\/25\/2019\/08\/CBNFOT261020150910-683x1024.jpg 683w, https:\/\/blogs.correiobraziliense.com.br\/lianasabo\/wp-content\/uploads\/sites\/25\/2019\/08\/CBNFOT261020150910-550x825.jpg 550w, https:\/\/blogs.correiobraziliense.com.br\/lianasabo\/wp-content\/uploads\/sites\/25\/2019\/08\/CBNFOT261020150910-230x345.jpg 230w, https:\/\/blogs.correiobraziliense.com.br\/lianasabo\/wp-content\/uploads\/sites\/25\/2019\/08\/CBNFOT261020150910.jpg 800w\" sizes=\"auto, (max-width: 200px) 100vw, 200px\" \/><\/a><figcaption id=\"caption-attachment-3441\" class=\"wp-caption-text\">Cr\u00e9dito: Fabricio Rodrigues\/Duo Fotografia. Chef. Marco Espinoza.<\/figcaption><\/figure>\n<p>11 \u2013 1\u00aa edi\u00e7\u00e3o do Brasas Festival com v\u00e1rios tipos de churrasco e open bar de cerveja Heineken, no estacionamento 4 do Parque da Cidade, das 11h \u00e0s 20h.<\/p>\n<p>16 e 17 \u2013 12\u00aa edi\u00e7\u00e3o Vinum Brasilis degusta\u00e7\u00e3o de espumantes, brancos, ros\u00e9s e vinhos tintos de 30 vin\u00edcolas brasileiras no estacionamento externo do Iguatemi, a partir das 18h. Ingressos a R$ 90 podem ser adquiridos no site <a href=\"http:\/\/www.vinumbrasilis.com\">www.vinumbrasilis.com<\/a> e no aplicativo GB Produ\u00e7\u00f5es, dispon\u00edvel nas plataformas Android e Apple Store.<\/p>\n<p>18 \u2013 \u00daltimo dia do Restaurant Week, que est\u00e1 reunindo mais de 75 estabelecimentos da cidade, nessa rodada comemorativa aos 10 anos do evento. Mais informa\u00e7\u00f5es: <a href=\"http:\/\/www.restaurantweek.com.br\">www.restaurantweek.com.br<\/a><\/p>\n<p>22 \u2013 Festival de Gastronomia Israel \u2013 Rep\u00fablica Tcheca no restaurante Norton do Brasil 21. Telefone: 3218-4773.<\/p>\n","protected":false},"excerpt":{"rendered":"<p>O blog preparou\u00a0 uma agenda enxuta com a programa\u00e7\u00e3o gastron\u00f4mica que voc\u00ea n\u00e3o pode perder 1\u00ba a 4 \u2013 10\u00ba Slow Filme exibe 23 t\u00edtulos entre longas, m\u00e9dias e curta-metragens no Cine Bras\u00edlia e Espa\u00e7o Cultural Renato Russo, na 508 Sul. 3 a 4 \u2013 Festival Fartura S\u00e3o Paulo re\u00fane grandes chefs entre eles, o brasiliense Leo Hamu, que servir\u00e1 [&hellip;]<\/p>\n","protected":false},"author":54,"featured_media":3440,"comment_status":"open","ping_status":"open","sticky":false,"template":"","format":"standard","meta":{"footnotes":""},"categories":[1],"tags":[],"class_list":["post-3429","post","type-post","status-publish","format-standard","has-post-thumbnail","hentry","category-sem-categoria"],"_links":{"self":[{"href":"https:\/\/blogs.correiobraziliense.com.br\/lianasabo\/wp-json\/wp\/v2\/posts\/3429","targetHints":{"allow":["GET"]}}],"collection":[{"href":"https:\/\/blogs.correiobraziliense.com.br\/lianasabo\/wp-json\/wp\/v2\/posts"}],"about":[{"href":"https:\/\/blogs.correiobraziliense.com.br\/lianasabo\/wp-json\/wp\/v2\/types\/post"}],"author":[{"embeddable":true,"href":"https:\/\/blogs.correiobraziliense.com.br\/lianasabo\/wp-json\/wp\/v2\/users\/54"}],"replies":[{"embeddable":true,"href":"https:\/\/blogs.correiobraziliense.com.br\/lianasabo\/wp-json\/wp\/v2\/comments?post=3429"}],"version-history":[{"count":4,"href":"https:\/\/blogs.correiobraziliense.com.br\/lianasabo\/wp-json\/wp\/v2\/posts\/3429\/revisions"}],"predecessor-version":[{"id":3442,"href":"https:\/\/blogs.correiobraziliense.com.br\/lianasabo\/wp-json\/wp\/v2\/posts\/3429\/revisions\/3442"}],"wp:featuredmedia":[{"embeddable":true,"href":"https:\/\/blogs.correiobraziliense.com.br\/lianasabo\/wp-json\/wp\/v2\/media\/3440"}],"wp:attachment":[{"href":"https:\/\/blogs.correiobraziliense.com.br\/lianasabo\/wp-json\/wp\/v2\/media?parent=3429"}],"wp:term":[{"taxonomy":"category","embeddable":true,"href":"https:\/\/blogs.correiobraziliense.com.br\/lianasabo\/wp-json\/wp\/v2\/categories?post=3429"},{"taxonomy":"post_tag","embeddable":true,"href":"https:\/\/blogs.correiobraziliense.com.br\/lianasabo\/wp-json\/wp\/v2\/tags?post=3429"}],"curies":[{"name":"wp","href":"https:\/\/api.w.org\/{rel}","templated":true}]}}