{"id":3425,"date":"2019-07-26T11:30:26","date_gmt":"2019-07-26T14:30:26","guid":{"rendered":"https:\/\/blogs.correiobraziliense.com.br\/lianasabo\/?p=3425"},"modified":"2019-07-25T13:03:13","modified_gmt":"2019-07-25T16:03:13","slug":"estreia-no-lago-sul","status":"publish","type":"post","link":"https:\/\/blogs.correiobraziliense.com.br\/lianasabo\/estreia-no-lago-sul\/","title":{"rendered":"Estreia no Lago Sul"},"content":{"rendered":"<p>O Emp\u00f3rio Vit\u00e1lia, que substituiu o Super Maia na QI 5 do Lago Sul, com um mercado de produtos da linha gourmet, servir\u00e1 de palco para um festival de vinho a se realizar no pr\u00f3ximo fim de semana, dias 2 e 3 de agosto. Mais de 80 r\u00f3tulos poder\u00e3o ser degustados na primeira edi\u00e7\u00e3o do Vit\u00e1lia Festival ao lado de queijos, frios, p\u00e3es e antepastos. Dispon\u00edveis na loja ou no site Sympla, os ingressos est\u00e3o sendo vendidos a R$ 190, sendo uma parte revertida em compras.<\/p>\n","protected":false},"excerpt":{"rendered":"<p>O Emp\u00f3rio Vit\u00e1lia, que substituiu o Super Maia na QI 5 do Lago Sul, com um mercado de produtos da linha gourmet, servir\u00e1 de palco para um festival de vinho a se realizar no pr\u00f3ximo fim de semana, dias 2 e 3 de agosto. Mais de 80 r\u00f3tulos poder\u00e3o ser degustados na primeira edi\u00e7\u00e3o do Vit\u00e1lia Festival ao lado de [&hellip;]<\/p>\n","protected":false},"author":54,"featured_media":3426,"comment_status":"open","ping_status":"open","sticky":false,"template":"","format":"standard","meta":{"footnotes":""},"categories":[1],"tags":[],"class_list":["post-3425","post","type-post","status-publish","format-standard","has-post-thumbnail","hentry","category-sem-categoria"],"_links":{"self":[{"href":"https:\/\/blogs.correiobraziliense.com.br\/lianasabo\/wp-json\/wp\/v2\/posts\/3425","targetHints":{"allow":["GET"]}}],"collection":[{"href":"https:\/\/blogs.correiobraziliense.com.br\/lianasabo\/wp-json\/wp\/v2\/posts"}],"about":[{"href":"https:\/\/blogs.correiobraziliense.com.br\/lianasabo\/wp-json\/wp\/v2\/types\/post"}],"author":[{"embeddable":true,"href":"https:\/\/blogs.correiobraziliense.com.br\/lianasabo\/wp-json\/wp\/v2\/users\/54"}],"replies":[{"embeddable":true,"href":"https:\/\/blogs.correiobraziliense.com.br\/lianasabo\/wp-json\/wp\/v2\/comments?post=3425"}],"version-history":[{"count":1,"href":"https:\/\/blogs.correiobraziliense.com.br\/lianasabo\/wp-json\/wp\/v2\/posts\/3425\/revisions"}],"predecessor-version":[{"id":3427,"href":"https:\/\/blogs.correiobraziliense.com.br\/lianasabo\/wp-json\/wp\/v2\/posts\/3425\/revisions\/3427"}],"wp:featuredmedia":[{"embeddable":true,"href":"https:\/\/blogs.correiobraziliense.com.br\/lianasabo\/wp-json\/wp\/v2\/media\/3426"}],"wp:attachment":[{"href":"https:\/\/blogs.correiobraziliense.com.br\/lianasabo\/wp-json\/wp\/v2\/media?parent=3425"}],"wp:term":[{"taxonomy":"category","embeddable":true,"href":"https:\/\/blogs.correiobraziliense.com.br\/lianasabo\/wp-json\/wp\/v2\/categories?post=3425"},{"taxonomy":"post_tag","embeddable":true,"href":"https:\/\/blogs.correiobraziliense.com.br\/lianasabo\/wp-json\/wp\/v2\/tags?post=3425"}],"curies":[{"name":"wp","href":"https:\/\/api.w.org\/{rel}","templated":true}]}}