{"id":3403,"date":"2019-07-19T11:00:27","date_gmt":"2019-07-19T14:00:27","guid":{"rendered":"https:\/\/blogs.correiobraziliense.com.br\/lianasabo\/?p=3403"},"modified":"2019-07-18T16:04:26","modified_gmt":"2019-07-18T19:04:26","slug":"lancamentos-de-dar-agua-na-boca","status":"publish","type":"post","link":"https:\/\/blogs.correiobraziliense.com.br\/lianasabo\/lancamentos-de-dar-agua-na-boca\/","title":{"rendered":"Lan\u00e7amentos de dar \u00e1gua na boca"},"content":{"rendered":"<p><strong>N\u00e3o falha<\/strong><br \/>\nUm dos eventos gastron\u00f4micos mais esperados da cidade \u2014 o Restaurante Week \u2014 est\u00e1 de volta e promove mais uma rodada no per\u00edodo de 26 de julho a 18 de agosto com duas novidades: uma categoria exclusiva para sandu\u00edches que se chama Burger e outra Premium, que apresenta menus de 10 dos mais renomados restaurantes da cidade com pre\u00e7os especiais: R$ 68 no almo\u00e7o e R$ 89 no jantar. Cerca de 80 estabelecimentos est\u00e3o confirmados. Mais informa\u00e7\u00f5es: www.restaurantweek.com.br.<\/p>\n<p><strong>Costela da casa<\/strong><br \/>\n\u201cSuculento e saboroso, casa perfeitamente com a batata gratinada.\u201d Assim o chef do Rubaiyat, Jhon Nascimento, apresenta o corte de costela bovina que passa a compor o menu do Rubaiyat a partir deste m\u00eas de julho. O prato se chama Chulet\u00f3n al fuego e sai por R$ 278 para duas pessoas. Vem \u00e0 mesa sobre uma pedra quente e \u00e9 flambada com conhaque e manteiga na frente do cliente. Depois de separada do osso, a carne \u00e9 cortada para servir. Telefone: 3443-5000.<\/p>\n<p><strong>Garanta vaga<\/strong><\/p>\n<figure id=\"attachment_3404\" aria-describedby=\"caption-attachment-3404\" style=\"width: 683px\" class=\"wp-caption aligncenter\"><a href=\"https:\/\/blogs.correiobraziliense.com.br\/lianasabo\/wp-content\/uploads\/sites\/25\/2019\/07\/CBNFOT210820130504.jpg\"><img loading=\"lazy\" decoding=\"async\" class=\"size-large wp-image-3404\" src=\"https:\/\/blogs.correiobraziliense.com.br\/lianasabo\/wp-content\/uploads\/sites\/25\/2019\/07\/CBNFOT210820130504-683x1024.jpg\" alt=\"\" width=\"683\" height=\"1024\" srcset=\"https:\/\/blogs.correiobraziliense.com.br\/lianasabo\/wp-content\/uploads\/sites\/25\/2019\/07\/CBNFOT210820130504-683x1024.jpg 683w, https:\/\/blogs.correiobraziliense.com.br\/lianasabo\/wp-content\/uploads\/sites\/25\/2019\/07\/CBNFOT210820130504-200x300.jpg 200w, https:\/\/blogs.correiobraziliense.com.br\/lianasabo\/wp-content\/uploads\/sites\/25\/2019\/07\/CBNFOT210820130504-768x1151.jpg 768w, https:\/\/blogs.correiobraziliense.com.br\/lianasabo\/wp-content\/uploads\/sites\/25\/2019\/07\/CBNFOT210820130504-550x824.jpg 550w, https:\/\/blogs.correiobraziliense.com.br\/lianasabo\/wp-content\/uploads\/sites\/25\/2019\/07\/CBNFOT210820130504-230x345.jpg 230w, https:\/\/blogs.correiobraziliense.com.br\/lianasabo\/wp-content\/uploads\/sites\/25\/2019\/07\/CBNFOT210820130504.jpg 800w\" sizes=\"auto, (max-width: 683px) 100vw, 683px\" \/><\/a><figcaption id=\"caption-attachment-3404\" class=\"wp-caption-text\">Cr\u00e9dito: Arquivo Pessoal. Culinarista Lidiane Barbosa.<\/figcaption><\/figure>\n<p>Mirella Malta, dona do Espa\u00e7o Carota, no Park Sul, receber\u00e1, s\u00e1bado (27), a chef paulista Lidiane Barbosa para a aula Panifica\u00e7\u00e3o Natural e Gr\u00e3os Ancestrais com vagas limitadas. Mais de seis tipos de gr\u00e3os ser\u00e3o usados nas prepara\u00e7\u00f5es integrais sem gl\u00faten e absolutamente nutritivas. O curso sai por R$ 390 para pagamento via transfer\u00eancia. Informa\u00e7\u00f5es no telefone 99273-9002.<\/p>\n<p><strong>Choco a granel<\/strong><br \/>\nFormada pela escola culin\u00e1ria Le Cordon Bleu na Austr\u00e1lia, a chef Luciana Lobo se tornou chocolati\u00e8re e est\u00e1 \u00e0 frente da Dengo Chocolates, que acaba de abrir loja no Shopping Iguatemi para venda de produtos a granel. No portf\u00f3lio, est\u00e3o quebra-quebra; banana com castanha-de- caju; cupua\u00e7u com castanha-de-caju e de abacaxi com coco; pepitas, que s\u00e3o pequenas am\u00eandoas de cacau torradas, drageadas e com cobertura de a\u00e7\u00facar mascavo, al\u00e9m de bombons de ganache, ao leite e cacha\u00e7a. Telefone: (62)99854-2020.<\/p>\n","protected":false},"excerpt":{"rendered":"<p>N\u00e3o falha Um dos eventos gastron\u00f4micos mais esperados da cidade \u2014 o Restaurante Week \u2014 est\u00e1 de volta e promove mais uma rodada no per\u00edodo de 26 de julho a 18 de agosto com duas novidades: uma categoria exclusiva para sandu\u00edches que se chama Burger e outra Premium, que apresenta menus de 10 dos mais renomados restaurantes da cidade com [&hellip;]<\/p>\n","protected":false},"author":54,"featured_media":0,"comment_status":"open","ping_status":"open","sticky":false,"template":"","format":"standard","meta":{"footnotes":""},"categories":[1],"tags":[],"class_list":["post-3403","post","type-post","status-publish","format-standard","hentry","category-sem-categoria"],"_links":{"self":[{"href":"https:\/\/blogs.correiobraziliense.com.br\/lianasabo\/wp-json\/wp\/v2\/posts\/3403","targetHints":{"allow":["GET"]}}],"collection":[{"href":"https:\/\/blogs.correiobraziliense.com.br\/lianasabo\/wp-json\/wp\/v2\/posts"}],"about":[{"href":"https:\/\/blogs.correiobraziliense.com.br\/lianasabo\/wp-json\/wp\/v2\/types\/post"}],"author":[{"embeddable":true,"href":"https:\/\/blogs.correiobraziliense.com.br\/lianasabo\/wp-json\/wp\/v2\/users\/54"}],"replies":[{"embeddable":true,"href":"https:\/\/blogs.correiobraziliense.com.br\/lianasabo\/wp-json\/wp\/v2\/comments?post=3403"}],"version-history":[{"count":1,"href":"https:\/\/blogs.correiobraziliense.com.br\/lianasabo\/wp-json\/wp\/v2\/posts\/3403\/revisions"}],"predecessor-version":[{"id":3405,"href":"https:\/\/blogs.correiobraziliense.com.br\/lianasabo\/wp-json\/wp\/v2\/posts\/3403\/revisions\/3405"}],"wp:attachment":[{"href":"https:\/\/blogs.correiobraziliense.com.br\/lianasabo\/wp-json\/wp\/v2\/media?parent=3403"}],"wp:term":[{"taxonomy":"category","embeddable":true,"href":"https:\/\/blogs.correiobraziliense.com.br\/lianasabo\/wp-json\/wp\/v2\/categories?post=3403"},{"taxonomy":"post_tag","embeddable":true,"href":"https:\/\/blogs.correiobraziliense.com.br\/lianasabo\/wp-json\/wp\/v2\/tags?post=3403"}],"curies":[{"name":"wp","href":"https:\/\/api.w.org\/{rel}","templated":true}]}}