{"id":3400,"date":"2019-07-19T10:00:32","date_gmt":"2019-07-19T13:00:32","guid":{"rendered":"https:\/\/blogs.correiobraziliense.com.br\/lianasabo\/?p=3400"},"modified":"2019-07-18T15:24:47","modified_gmt":"2019-07-18T18:24:47","slug":"onde-andam-os-jovens-chefs","status":"publish","type":"post","link":"https:\/\/blogs.correiobraziliense.com.br\/lianasabo\/onde-andam-os-jovens-chefs\/","title":{"rendered":"Onde andam os jovens chefs"},"content":{"rendered":"<p>Lui Veronese, ex-Sallva, desenvolve card\u00e1pio ex\u00f3tico com tucupi, a\u00e7a\u00ed, cupua\u00e7u, buriti e outros ingredientes para representar o Brasil no Eat Brussels, em setembro, na B\u00e9lgica. Antes, por\u00e9m, participa em S\u00e3o Luis do Festival do Mercado das Tulhas.<\/p>\n<p>Kenis Henon, ex-La Tambouille, agora chef executivo do Bartolomeu elabora menu para inaugurar em agosto o Bart\u00f4 Express, na 415 Sul.<\/p>\n<p>Diego Badra, ex-Oliver, recuperou o apelido de inf\u00e2ncia da av\u00f3 Consuelo Badra, Conca, para denominar o restaurante que pretende abrir com uma cozinha sem r\u00f3tulos, mas que seja \u201coriginal, regional e sazonal\u201d. Enquanto isso, pratica menus degustativos com agenda marcada. Telefone: 9987-3547.<\/p>\n","protected":false},"excerpt":{"rendered":"<p>Lui Veronese, ex-Sallva, desenvolve card\u00e1pio ex\u00f3tico com tucupi, a\u00e7a\u00ed, cupua\u00e7u, buriti e outros ingredientes para representar o Brasil no Eat Brussels, em setembro, na B\u00e9lgica. Antes, por\u00e9m, participa em S\u00e3o Luis do Festival do Mercado das Tulhas. Kenis Henon, ex-La Tambouille, agora chef executivo do Bartolomeu elabora menu para inaugurar em agosto o Bart\u00f4 Express, na 415 Sul. Diego Badra, [&hellip;]<\/p>\n","protected":false},"author":54,"featured_media":3401,"comment_status":"open","ping_status":"open","sticky":false,"template":"","format":"standard","meta":{"footnotes":""},"categories":[1],"tags":[],"class_list":["post-3400","post","type-post","status-publish","format-standard","has-post-thumbnail","hentry","category-sem-categoria"],"_links":{"self":[{"href":"https:\/\/blogs.correiobraziliense.com.br\/lianasabo\/wp-json\/wp\/v2\/posts\/3400","targetHints":{"allow":["GET"]}}],"collection":[{"href":"https:\/\/blogs.correiobraziliense.com.br\/lianasabo\/wp-json\/wp\/v2\/posts"}],"about":[{"href":"https:\/\/blogs.correiobraziliense.com.br\/lianasabo\/wp-json\/wp\/v2\/types\/post"}],"author":[{"embeddable":true,"href":"https:\/\/blogs.correiobraziliense.com.br\/lianasabo\/wp-json\/wp\/v2\/users\/54"}],"replies":[{"embeddable":true,"href":"https:\/\/blogs.correiobraziliense.com.br\/lianasabo\/wp-json\/wp\/v2\/comments?post=3400"}],"version-history":[{"count":1,"href":"https:\/\/blogs.correiobraziliense.com.br\/lianasabo\/wp-json\/wp\/v2\/posts\/3400\/revisions"}],"predecessor-version":[{"id":3402,"href":"https:\/\/blogs.correiobraziliense.com.br\/lianasabo\/wp-json\/wp\/v2\/posts\/3400\/revisions\/3402"}],"wp:featuredmedia":[{"embeddable":true,"href":"https:\/\/blogs.correiobraziliense.com.br\/lianasabo\/wp-json\/wp\/v2\/media\/3401"}],"wp:attachment":[{"href":"https:\/\/blogs.correiobraziliense.com.br\/lianasabo\/wp-json\/wp\/v2\/media?parent=3400"}],"wp:term":[{"taxonomy":"category","embeddable":true,"href":"https:\/\/blogs.correiobraziliense.com.br\/lianasabo\/wp-json\/wp\/v2\/categories?post=3400"},{"taxonomy":"post_tag","embeddable":true,"href":"https:\/\/blogs.correiobraziliense.com.br\/lianasabo\/wp-json\/wp\/v2\/tags?post=3400"}],"curies":[{"name":"wp","href":"https:\/\/api.w.org\/{rel}","templated":true}]}}