{"id":3385,"date":"2019-07-12T10:00:39","date_gmt":"2019-07-12T13:00:39","guid":{"rendered":"https:\/\/blogs.correiobraziliense.com.br\/lianasabo\/?p=3385"},"modified":"2019-07-11T12:08:41","modified_gmt":"2019-07-11T15:08:41","slug":"casa-graviola-brasilia","status":"publish","type":"post","link":"https:\/\/blogs.correiobraziliense.com.br\/lianasabo\/casa-graviola-brasilia\/","title":{"rendered":"Franquia nova: Casa Graviola abre na quinta-feira em Bras\u00edlia"},"content":{"rendered":"<p>Abre quinta-feira, na 202 Sul, Bloco B, Casa Graviola, que nasceu num foodtruck carioca, h\u00e1 cinco anos, e, dois anos mais tarde, ganhou domic\u00edlio convencional. O card\u00e1pio prioriza alimentos org\u00e2nicos e nutritivos com foco em sugest\u00f5es saud\u00e1veis que incluem, al\u00e9m de saladas e entradas, hamb\u00farguer, peixes, frangos, omelete, wraps, cheesecake, pudim de chia, tapioca, sucos e ch\u00e1s naturais. Vai funcionar todos os dias, das 11h \u00e0s 23h.<\/p>\n","protected":false},"excerpt":{"rendered":"<p>Abre quinta-feira, na 202 Sul, Bloco B, Casa Graviola, que nasceu num foodtruck carioca, h\u00e1 cinco anos, e, dois anos mais tarde, ganhou domic\u00edlio convencional. O card\u00e1pio prioriza alimentos org\u00e2nicos e nutritivos com foco em sugest\u00f5es saud\u00e1veis que incluem, al\u00e9m de saladas e entradas, hamb\u00farguer, peixes, frangos, omelete, wraps, cheesecake, pudim de chia, tapioca, sucos e ch\u00e1s naturais. Vai funcionar [&hellip;]<\/p>\n","protected":false},"author":54,"featured_media":0,"comment_status":"open","ping_status":"open","sticky":false,"template":"","format":"standard","meta":{"footnotes":""},"categories":[1],"tags":[],"class_list":["post-3385","post","type-post","status-publish","format-standard","hentry","category-sem-categoria"],"_links":{"self":[{"href":"https:\/\/blogs.correiobraziliense.com.br\/lianasabo\/wp-json\/wp\/v2\/posts\/3385","targetHints":{"allow":["GET"]}}],"collection":[{"href":"https:\/\/blogs.correiobraziliense.com.br\/lianasabo\/wp-json\/wp\/v2\/posts"}],"about":[{"href":"https:\/\/blogs.correiobraziliense.com.br\/lianasabo\/wp-json\/wp\/v2\/types\/post"}],"author":[{"embeddable":true,"href":"https:\/\/blogs.correiobraziliense.com.br\/lianasabo\/wp-json\/wp\/v2\/users\/54"}],"replies":[{"embeddable":true,"href":"https:\/\/blogs.correiobraziliense.com.br\/lianasabo\/wp-json\/wp\/v2\/comments?post=3385"}],"version-history":[{"count":2,"href":"https:\/\/blogs.correiobraziliense.com.br\/lianasabo\/wp-json\/wp\/v2\/posts\/3385\/revisions"}],"predecessor-version":[{"id":3387,"href":"https:\/\/blogs.correiobraziliense.com.br\/lianasabo\/wp-json\/wp\/v2\/posts\/3385\/revisions\/3387"}],"wp:attachment":[{"href":"https:\/\/blogs.correiobraziliense.com.br\/lianasabo\/wp-json\/wp\/v2\/media?parent=3385"}],"wp:term":[{"taxonomy":"category","embeddable":true,"href":"https:\/\/blogs.correiobraziliense.com.br\/lianasabo\/wp-json\/wp\/v2\/categories?post=3385"},{"taxonomy":"post_tag","embeddable":true,"href":"https:\/\/blogs.correiobraziliense.com.br\/lianasabo\/wp-json\/wp\/v2\/tags?post=3385"}],"curies":[{"name":"wp","href":"https:\/\/api.w.org\/{rel}","templated":true}]}}