{"id":3356,"date":"2019-07-05T12:00:25","date_gmt":"2019-07-05T15:00:25","guid":{"rendered":"https:\/\/blogs.correiobraziliense.com.br\/lianasabo\/?p=3356"},"modified":"2019-07-06T12:23:55","modified_gmt":"2019-07-06T15:23:55","slug":"noite-suica-na-215-sul","status":"publish","type":"post","link":"https:\/\/blogs.correiobraziliense.com.br\/lianasabo\/noite-suica-na-215-sul\/","title":{"rendered":"Noite su\u00ed\u00e7a na 215 Sul"},"content":{"rendered":"<p>\u201cA Das Brot trar\u00e1 para voc\u00ea um encontro \u00fanico entre a tradi\u00e7\u00e3o de mais de 400 anos da raclette su\u00ed\u00e7a e os especiais p\u00e3es alem\u00e3es numa combina\u00e7\u00e3o de sabores surpreendentes.\u201d Com este convite, o empres\u00e1rio Huelinton Wenceslau anuncia a parceria que fez com o queijeiro su\u00ed\u00e7o Stephan Gaehwiler e com o vizinho Carlos Medeiros, propriet\u00e1rio de A Garrafeira, para pilotarem hoje, a partir das 19h, uma noite de raclette e vinhos.<\/p>\n<p>Preparada pelo dono da Queijaria Alpina, a iguaria ser\u00e1 degustada com baguete alem\u00e3, presunto cru tipo tessin\u00eas da Berna, batata bolinha, picles e cebolinha em conserva por R$ 60 por pessoa, enquanto Medeiros oferece em open bar espumante branco, ros\u00e9 e tinto que harmonizem com o prato por R$ 50. Os vinhos s\u00e3o de importantes vin\u00edcolas, como Dom C\u00e2ndido, Batalha, Guaspari, Viapiana e Campos de Cima.<\/p>\n<p>De sobremesa, Huelinton promete frutas frescas da esta\u00e7\u00e3o, como morango, kiwi, uva e banana, mergulhadas no fondue da premiada marca Nugali, de Pomerode (SC), que ficou no ranking de melhor chocolate da Am\u00e9rica. O doce serve duas pessoas por R$ 30. Telefone para reservas: 3797-0208 e 98466-9634.<\/p>\n","protected":false},"excerpt":{"rendered":"<p>\u201cA Das Brot trar\u00e1 para voc\u00ea um encontro \u00fanico entre a tradi\u00e7\u00e3o de mais de 400 anos da raclette su\u00ed\u00e7a e os especiais p\u00e3es alem\u00e3es numa combina\u00e7\u00e3o de sabores surpreendentes.\u201d Com este convite, o empres\u00e1rio Huelinton Wenceslau anuncia a parceria que fez com o queijeiro su\u00ed\u00e7o Stephan Gaehwiler e com o vizinho Carlos Medeiros, propriet\u00e1rio de A Garrafeira, para pilotarem [&hellip;]<\/p>\n","protected":false},"author":54,"featured_media":3357,"comment_status":"open","ping_status":"open","sticky":false,"template":"","format":"standard","meta":{"footnotes":""},"categories":[1],"tags":[],"class_list":["post-3356","post","type-post","status-publish","format-standard","has-post-thumbnail","hentry","category-sem-categoria"],"_links":{"self":[{"href":"https:\/\/blogs.correiobraziliense.com.br\/lianasabo\/wp-json\/wp\/v2\/posts\/3356","targetHints":{"allow":["GET"]}}],"collection":[{"href":"https:\/\/blogs.correiobraziliense.com.br\/lianasabo\/wp-json\/wp\/v2\/posts"}],"about":[{"href":"https:\/\/blogs.correiobraziliense.com.br\/lianasabo\/wp-json\/wp\/v2\/types\/post"}],"author":[{"embeddable":true,"href":"https:\/\/blogs.correiobraziliense.com.br\/lianasabo\/wp-json\/wp\/v2\/users\/54"}],"replies":[{"embeddable":true,"href":"https:\/\/blogs.correiobraziliense.com.br\/lianasabo\/wp-json\/wp\/v2\/comments?post=3356"}],"version-history":[{"count":1,"href":"https:\/\/blogs.correiobraziliense.com.br\/lianasabo\/wp-json\/wp\/v2\/posts\/3356\/revisions"}],"predecessor-version":[{"id":3358,"href":"https:\/\/blogs.correiobraziliense.com.br\/lianasabo\/wp-json\/wp\/v2\/posts\/3356\/revisions\/3358"}],"wp:featuredmedia":[{"embeddable":true,"href":"https:\/\/blogs.correiobraziliense.com.br\/lianasabo\/wp-json\/wp\/v2\/media\/3357"}],"wp:attachment":[{"href":"https:\/\/blogs.correiobraziliense.com.br\/lianasabo\/wp-json\/wp\/v2\/media?parent=3356"}],"wp:term":[{"taxonomy":"category","embeddable":true,"href":"https:\/\/blogs.correiobraziliense.com.br\/lianasabo\/wp-json\/wp\/v2\/categories?post=3356"},{"taxonomy":"post_tag","embeddable":true,"href":"https:\/\/blogs.correiobraziliense.com.br\/lianasabo\/wp-json\/wp\/v2\/tags?post=3356"}],"curies":[{"name":"wp","href":"https:\/\/api.w.org\/{rel}","templated":true}]}}