{"id":3329,"date":"2019-06-27T09:59:30","date_gmt":"2019-06-27T12:59:30","guid":{"rendered":"https:\/\/blogs.correiobraziliense.com.br\/lianasabo\/?p=3329"},"modified":"2019-06-27T09:59:30","modified_gmt":"2019-06-27T12:59:30","slug":"restaurante-na-praia-malagueta","status":"publish","type":"post","link":"https:\/\/blogs.correiobraziliense.com.br\/lianasabo\/restaurante-na-praia-malagueta\/","title":{"rendered":"Viva o M\u00e9xico: Na Praia lan\u00e7a restaurante que mistura a culin\u00e1ria mexicana e brasileira"},"content":{"rendered":"<p>Come\u00e7a na sexta-feira (28\/6) e vai at\u00e9 8 de setembro o Na Praia, evento multicultural que reverencia o M\u00e9xico, a ponto de reproduzir a Vila do Chaves para o p\u00fablico infantil. Os adultos poder\u00e3o se deliciar com v\u00e1rios sabores oferecidos por diversas grifes, entre elas, Marzuk, Sallva, Chez L\u2019Ami, Beef Passion, Oca da Tribo e outras.<\/p>\n<p>O destaque \u00e9 o restaurante autoral Malagueta Comedoria Mexicana, comandado pela chef Renata Carvalho com as subschefs Carol e Raquel Pacheco. No menu, tacos, guacamole, camar\u00e3o e peixe frito. O restaurante foi criado exclusivamente para o Na Praia 2019 e promete uma experi\u00eancia apimentada nas 11 semanas de p\u00e9 na areia.<\/p>\n<p>&#8220;O Malagueta \u00e9 a fus\u00e3o dos sabores encontrados na Riviera Maya. Unimos o M\u00e9xico com uma pitada do Brasil, reunimos sabores beira-mar dos dois pa\u00edses e passeamos pelas experi\u00eancias degustativas pensando nas cores, nos aromas e na apresenta\u00e7\u00e3o de cada prato. Nossos ingredientes s\u00e3o escolhidos especialmente para que sua viagem seja cheia de afeto e sabores marcantes&#8221;, explica a chef Renata Carvalho em material de divulga\u00e7\u00e3o.<\/p>\n<p>A Vila Gastron\u00f4mica funcionar\u00e1 \u00e0s quintas a partir das 18h; \u00e0s sextas a partir das 17h; e aos s\u00e1bados e domingo, acompanhando a programa\u00e7\u00e3o do Na Praia.<\/p>\n<p>Informa\u00e7\u00f5es: <a href=\"http:\/\/www.tevejonapraia.com.br\">www.tevejonapraia.com.br<\/a>.<\/p>\n","protected":false},"excerpt":{"rendered":"<p>Come\u00e7a na sexta-feira (28\/6) e vai at\u00e9 8 de setembro o Na Praia, evento multicultural que reverencia o M\u00e9xico, a ponto de reproduzir a Vila do Chaves para o p\u00fablico infantil. Os adultos poder\u00e3o se deliciar com v\u00e1rios sabores oferecidos por diversas grifes, entre elas, Marzuk, Sallva, Chez L\u2019Ami, Beef Passion, Oca da Tribo e outras. O destaque \u00e9 o [&hellip;]<\/p>\n","protected":false},"author":54,"featured_media":3330,"comment_status":"open","ping_status":"open","sticky":false,"template":"","format":"standard","meta":{"footnotes":""},"categories":[1],"tags":[51,50,52],"class_list":["post-3329","post","type-post","status-publish","format-standard","has-post-thumbnail","hentry","category-sem-categoria","tag-malagueta","tag-na-praia","tag-renata-carvalho"],"_links":{"self":[{"href":"https:\/\/blogs.correiobraziliense.com.br\/lianasabo\/wp-json\/wp\/v2\/posts\/3329","targetHints":{"allow":["GET"]}}],"collection":[{"href":"https:\/\/blogs.correiobraziliense.com.br\/lianasabo\/wp-json\/wp\/v2\/posts"}],"about":[{"href":"https:\/\/blogs.correiobraziliense.com.br\/lianasabo\/wp-json\/wp\/v2\/types\/post"}],"author":[{"embeddable":true,"href":"https:\/\/blogs.correiobraziliense.com.br\/lianasabo\/wp-json\/wp\/v2\/users\/54"}],"replies":[{"embeddable":true,"href":"https:\/\/blogs.correiobraziliense.com.br\/lianasabo\/wp-json\/wp\/v2\/comments?post=3329"}],"version-history":[{"count":1,"href":"https:\/\/blogs.correiobraziliense.com.br\/lianasabo\/wp-json\/wp\/v2\/posts\/3329\/revisions"}],"predecessor-version":[{"id":3331,"href":"https:\/\/blogs.correiobraziliense.com.br\/lianasabo\/wp-json\/wp\/v2\/posts\/3329\/revisions\/3331"}],"wp:featuredmedia":[{"embeddable":true,"href":"https:\/\/blogs.correiobraziliense.com.br\/lianasabo\/wp-json\/wp\/v2\/media\/3330"}],"wp:attachment":[{"href":"https:\/\/blogs.correiobraziliense.com.br\/lianasabo\/wp-json\/wp\/v2\/media?parent=3329"}],"wp:term":[{"taxonomy":"category","embeddable":true,"href":"https:\/\/blogs.correiobraziliense.com.br\/lianasabo\/wp-json\/wp\/v2\/categories?post=3329"},{"taxonomy":"post_tag","embeddable":true,"href":"https:\/\/blogs.correiobraziliense.com.br\/lianasabo\/wp-json\/wp\/v2\/tags?post=3329"}],"curies":[{"name":"wp","href":"https:\/\/api.w.org\/{rel}","templated":true}]}}