{"id":3324,"date":"2019-06-21T11:00:10","date_gmt":"2019-06-21T14:00:10","guid":{"rendered":"https:\/\/blogs.correiobraziliense.com.br\/lianasabo\/?p=3324"},"modified":"2019-06-20T17:57:04","modified_gmt":"2019-06-20T20:57:04","slug":"participe-do-festival-gastronomico-e-cultural-do-sudeste-asiatico","status":"publish","type":"post","link":"https:\/\/blogs.correiobraziliense.com.br\/lianasabo\/participe-do-festival-gastronomico-e-cultural-do-sudeste-asiatico\/","title":{"rendered":"Participe do festival gastron\u00f4mico e cultural do Sudeste Asi\u00e1tico"},"content":{"rendered":"<p>Imagine poder degustar num s\u00f3 dia de sabores aut\u00eanticos de sete pa\u00edses do sudeste asi\u00e1tico. Isto s\u00f3 ser\u00e1 poss\u00edvel s\u00e1bado, 22, no hor\u00e1rio das 10 \u00e0s 15h na Embaixada da Indon\u00e9sia, que ser\u00e1 anfitri\u00e3 das representa\u00e7\u00f5es diplom\u00e1ticas da Mal\u00e1sia, Myanmar, Filipinas, Cingapura, Tail\u00e2ndia e Vietn\u00e3. Al\u00e9m de pratos com quitutes e comidinhas t\u00edpicas, haver\u00e1 apresenta\u00e7\u00f5es culturais a cargo da Associa\u00e7\u00e3o das Na\u00e7\u00f5es do Sudeste Asi\u00e1tico &#8211; Asean. A Embaixada da Indon\u00e9sia fica na Avenida das Na\u00e7\u00f5es 805, lote 20. Setor de Embaixadas Sul.<\/p>\n","protected":false},"excerpt":{"rendered":"<p>Imagine poder degustar num s\u00f3 dia de sabores aut\u00eanticos de sete pa\u00edses do sudeste asi\u00e1tico. Isto s\u00f3 ser\u00e1 poss\u00edvel s\u00e1bado, 22, no hor\u00e1rio das 10 \u00e0s 15h na Embaixada da Indon\u00e9sia, que ser\u00e1 anfitri\u00e3 das representa\u00e7\u00f5es diplom\u00e1ticas da Mal\u00e1sia, Myanmar, Filipinas, Cingapura, Tail\u00e2ndia e Vietn\u00e3. Al\u00e9m de pratos com quitutes e comidinhas t\u00edpicas, haver\u00e1 apresenta\u00e7\u00f5es culturais a cargo da Associa\u00e7\u00e3o [&hellip;]<\/p>\n","protected":false},"author":54,"featured_media":3325,"comment_status":"open","ping_status":"open","sticky":false,"template":"","format":"standard","meta":{"footnotes":""},"categories":[1],"tags":[],"class_list":["post-3324","post","type-post","status-publish","format-standard","has-post-thumbnail","hentry","category-sem-categoria"],"_links":{"self":[{"href":"https:\/\/blogs.correiobraziliense.com.br\/lianasabo\/wp-json\/wp\/v2\/posts\/3324","targetHints":{"allow":["GET"]}}],"collection":[{"href":"https:\/\/blogs.correiobraziliense.com.br\/lianasabo\/wp-json\/wp\/v2\/posts"}],"about":[{"href":"https:\/\/blogs.correiobraziliense.com.br\/lianasabo\/wp-json\/wp\/v2\/types\/post"}],"author":[{"embeddable":true,"href":"https:\/\/blogs.correiobraziliense.com.br\/lianasabo\/wp-json\/wp\/v2\/users\/54"}],"replies":[{"embeddable":true,"href":"https:\/\/blogs.correiobraziliense.com.br\/lianasabo\/wp-json\/wp\/v2\/comments?post=3324"}],"version-history":[{"count":1,"href":"https:\/\/blogs.correiobraziliense.com.br\/lianasabo\/wp-json\/wp\/v2\/posts\/3324\/revisions"}],"predecessor-version":[{"id":3326,"href":"https:\/\/blogs.correiobraziliense.com.br\/lianasabo\/wp-json\/wp\/v2\/posts\/3324\/revisions\/3326"}],"wp:featuredmedia":[{"embeddable":true,"href":"https:\/\/blogs.correiobraziliense.com.br\/lianasabo\/wp-json\/wp\/v2\/media\/3325"}],"wp:attachment":[{"href":"https:\/\/blogs.correiobraziliense.com.br\/lianasabo\/wp-json\/wp\/v2\/media?parent=3324"}],"wp:term":[{"taxonomy":"category","embeddable":true,"href":"https:\/\/blogs.correiobraziliense.com.br\/lianasabo\/wp-json\/wp\/v2\/categories?post=3324"},{"taxonomy":"post_tag","embeddable":true,"href":"https:\/\/blogs.correiobraziliense.com.br\/lianasabo\/wp-json\/wp\/v2\/tags?post=3324"}],"curies":[{"name":"wp","href":"https:\/\/api.w.org\/{rel}","templated":true}]}}