{"id":3319,"date":"2019-06-21T10:00:28","date_gmt":"2019-06-21T13:00:28","guid":{"rendered":"https:\/\/blogs.correiobraziliense.com.br\/lianasabo\/?p=3319"},"modified":"2019-06-20T17:36:36","modified_gmt":"2019-06-20T20:36:36","slug":"dia-do-vinho-sera-comemorado-terca-com-mais-de-100-rotulos","status":"publish","type":"post","link":"https:\/\/blogs.correiobraziliense.com.br\/lianasabo\/dia-do-vinho-sera-comemorado-terca-com-mais-de-100-rotulos\/","title":{"rendered":"Dia do Vinho ser\u00e1 comemorado  ter\u00e7a com mais de 100 r\u00f3tulos"},"content":{"rendered":"<p>&nbsp;<\/p>\n<p>&nbsp;<\/p>\n<p>Comemorado nos \u00faltimos anos, especialmente na Serra Ga\u00facha, ber\u00e7o natural da bebida, o Dia do Vinho \u00e9 uma data t\u00e3o ampla que cada lugar escolhe a sua. Como a chef Ticiana Werner, descendente de uma das mais ricas tradi\u00e7\u00f5es gastron\u00f4micas do Sul do pa\u00eds, que celebrar\u00e1 a segunda edi\u00e7\u00e3o do Dia do Vinho, ter\u00e7a-feira, em parceria com a importadora Del Maipo. \u201cNo ano passado, o Dia do Vinho contou com 86 r\u00f3tulos e, este ano, haver\u00e1 112 entre brancos, ros\u00e9s, tintos, vinhos do Porto, jerez e espumantes para serem degustados \u00e0 vontade\u201d, promete a chef, que abre o restaurante da 201 Sul com programa\u00e7\u00e3o exclusiva.<br \/>\nNo buf\u00e9, al\u00e9m dos risotos \u2014 de camar\u00e3o e manga; de alho-por\u00f3 com shimeji, de grana padano com rapadura e de fil\u00e9-mignon com presunto de Parma \u2014 uma marca da casa, ter\u00e1 paella de frutos do mar, ravi\u00f3li recheado de ricota ao molho de champanhe com damasco e s\u00e1lvia e fil\u00e9 de robalo em crosta de panko e parmes\u00e3o com ervas frescas ao molho pesto. Tudo por R$ 250, com direito a uma ta\u00e7a do evento, que ainda ter\u00e1 doces e o show da cantora Rosana Brown. Ingressos \u00e0 venda no site www.ticianawerner.com.br. Telefone 3226-9947.<\/p>\n","protected":false},"excerpt":{"rendered":"<p>&nbsp; &nbsp; Comemorado nos \u00faltimos anos, especialmente na Serra Ga\u00facha, ber\u00e7o natural da bebida, o Dia do Vinho \u00e9 uma data t\u00e3o ampla que cada lugar escolhe a sua. Como a chef Ticiana Werner, descendente de uma das mais ricas tradi\u00e7\u00f5es gastron\u00f4micas do Sul do pa\u00eds, que celebrar\u00e1 a segunda edi\u00e7\u00e3o do Dia do Vinho, ter\u00e7a-feira, em parceria com a [&hellip;]<\/p>\n","protected":false},"author":54,"featured_media":3321,"comment_status":"open","ping_status":"open","sticky":false,"template":"","format":"standard","meta":{"footnotes":""},"categories":[1],"tags":[],"class_list":["post-3319","post","type-post","status-publish","format-standard","has-post-thumbnail","hentry","category-sem-categoria"],"_links":{"self":[{"href":"https:\/\/blogs.correiobraziliense.com.br\/lianasabo\/wp-json\/wp\/v2\/posts\/3319","targetHints":{"allow":["GET"]}}],"collection":[{"href":"https:\/\/blogs.correiobraziliense.com.br\/lianasabo\/wp-json\/wp\/v2\/posts"}],"about":[{"href":"https:\/\/blogs.correiobraziliense.com.br\/lianasabo\/wp-json\/wp\/v2\/types\/post"}],"author":[{"embeddable":true,"href":"https:\/\/blogs.correiobraziliense.com.br\/lianasabo\/wp-json\/wp\/v2\/users\/54"}],"replies":[{"embeddable":true,"href":"https:\/\/blogs.correiobraziliense.com.br\/lianasabo\/wp-json\/wp\/v2\/comments?post=3319"}],"version-history":[{"count":3,"href":"https:\/\/blogs.correiobraziliense.com.br\/lianasabo\/wp-json\/wp\/v2\/posts\/3319\/revisions"}],"predecessor-version":[{"id":3323,"href":"https:\/\/blogs.correiobraziliense.com.br\/lianasabo\/wp-json\/wp\/v2\/posts\/3319\/revisions\/3323"}],"wp:featuredmedia":[{"embeddable":true,"href":"https:\/\/blogs.correiobraziliense.com.br\/lianasabo\/wp-json\/wp\/v2\/media\/3321"}],"wp:attachment":[{"href":"https:\/\/blogs.correiobraziliense.com.br\/lianasabo\/wp-json\/wp\/v2\/media?parent=3319"}],"wp:term":[{"taxonomy":"category","embeddable":true,"href":"https:\/\/blogs.correiobraziliense.com.br\/lianasabo\/wp-json\/wp\/v2\/categories?post=3319"},{"taxonomy":"post_tag","embeddable":true,"href":"https:\/\/blogs.correiobraziliense.com.br\/lianasabo\/wp-json\/wp\/v2\/tags?post=3319"}],"curies":[{"name":"wp","href":"https:\/\/api.w.org\/{rel}","templated":true}]}}