{"id":3259,"date":"2019-06-05T18:00:26","date_gmt":"2019-06-05T21:00:26","guid":{"rendered":"https:\/\/blogs.correiobraziliense.com.br\/lianasabo\/?p=3259"},"modified":"2019-06-05T17:27:12","modified_gmt":"2019-06-05T20:27:12","slug":"mercado-301-ganha-pela-segunda-vez-o-comida-di-buteco","status":"publish","type":"post","link":"https:\/\/blogs.correiobraziliense.com.br\/lianasabo\/mercado-301-ganha-pela-segunda-vez-o-comida-di-buteco\/","title":{"rendered":"Mercado 301 ganha pela segunda vez o Comida di Buteco"},"content":{"rendered":"<p>Com o nome de Picol\u00e9 Crocante, o casal Sabrina Saboya e Rayner Costa, propriet\u00e1rios do Mercado 301, em \u00c1guas Claras, venceu o concurso de petiscos do Comida di Buteco, evento que realizou a 20\u00aa edi\u00e7\u00e3o e reuniu 21 bares. Esta \u00e9 a segunda vez que o Mercado 301 emplaca o primeiro lugar, tendo ganhado o primeiro t\u00edtulo em 2017. Agora, o vencedor foi um croquete de cupim empanado na farinha panko, aioli de alho-por\u00f3 e redu\u00e7\u00e3o de goiabada casc\u00e3o, acompanhado de farofa de ma\u00e7\u00e3 verde e castanha de caju. Vai disputar o concurso nacional a ter lugar em S\u00e3o Paulo, no dia 15 de julho.<\/p>\n<p>Em segundo lugar, ficou o estreante Destilaria Bar, localizado em Taguatinga, com o petisco Bolinho Destilado, que \u00e9 feito com massa caseira recheado com carne de sol e queijo, servido com molho de ab\u00f3bora picante. Empolgados com o resultado os propriet\u00e1rios Odair Leite e Maria Lucilene n\u00e3o imaginavam conquistar o posto de vice logo na estreia, disse Odair na noite de premia\u00e7\u00e3o.<\/p>\n<p>Outro estreante, o Matulla Prosa e Petisco, em Sobradinho, conquistou o terceiro lugar com o petisco Palitinho de porco, feito de massa crocante recheada com carne de porco cozida lentamente acompanhado de chutney picante.<\/p>\n<figure id=\"attachment_3260\" aria-describedby=\"caption-attachment-3260\" style=\"width: 800px\" class=\"wp-caption aligncenter\"><a href=\"https:\/\/blogs.correiobraziliense.com.br\/lianasabo\/wp-content\/uploads\/sites\/25\/2019\/06\/CBNFOT090420191108.jpg\"><img loading=\"lazy\" decoding=\"async\" class=\"size-full wp-image-3260\" src=\"https:\/\/blogs.correiobraziliense.com.br\/lianasabo\/wp-content\/uploads\/sites\/25\/2019\/06\/CBNFOT090420191108.jpg\" alt=\"\" width=\"800\" height=\"534\" srcset=\"https:\/\/blogs.correiobraziliense.com.br\/lianasabo\/wp-content\/uploads\/sites\/25\/2019\/06\/CBNFOT090420191108.jpg 800w, https:\/\/blogs.correiobraziliense.com.br\/lianasabo\/wp-content\/uploads\/sites\/25\/2019\/06\/CBNFOT090420191108-300x200.jpg 300w, https:\/\/blogs.correiobraziliense.com.br\/lianasabo\/wp-content\/uploads\/sites\/25\/2019\/06\/CBNFOT090420191108-768x513.jpg 768w, https:\/\/blogs.correiobraziliense.com.br\/lianasabo\/wp-content\/uploads\/sites\/25\/2019\/06\/CBNFOT090420191108-550x367.jpg 550w, https:\/\/blogs.correiobraziliense.com.br\/lianasabo\/wp-content\/uploads\/sites\/25\/2019\/06\/CBNFOT090420191108-230x154.jpg 230w\" sizes=\"auto, (max-width: 800px) 100vw, 800px\" \/><\/a><figcaption id=\"caption-attachment-3260\" class=\"wp-caption-text\">Comida di Buteco\/Divulga\u00e7\u00e3o. Picol\u00e9 crocante do Mercado 301, em \u00c1guas Claras.<\/figcaption><\/figure>\n<p>&nbsp;<\/p>\n<p>&nbsp;<\/p>\n","protected":false},"excerpt":{"rendered":"<p>Com o nome de Picol\u00e9 Crocante, o casal Sabrina Saboya e Rayner Costa, propriet\u00e1rios do Mercado 301, em \u00c1guas Claras, venceu o concurso de petiscos do Comida di Buteco, evento que realizou a 20\u00aa edi\u00e7\u00e3o e reuniu 21 bares. Esta \u00e9 a segunda vez que o Mercado 301 emplaca o primeiro lugar, tendo ganhado o primeiro t\u00edtulo em 2017. Agora, [&hellip;]<\/p>\n","protected":false},"author":54,"featured_media":0,"comment_status":"open","ping_status":"open","sticky":false,"template":"","format":"standard","meta":{"footnotes":""},"categories":[1],"tags":[],"class_list":["post-3259","post","type-post","status-publish","format-standard","hentry","category-sem-categoria"],"_links":{"self":[{"href":"https:\/\/blogs.correiobraziliense.com.br\/lianasabo\/wp-json\/wp\/v2\/posts\/3259","targetHints":{"allow":["GET"]}}],"collection":[{"href":"https:\/\/blogs.correiobraziliense.com.br\/lianasabo\/wp-json\/wp\/v2\/posts"}],"about":[{"href":"https:\/\/blogs.correiobraziliense.com.br\/lianasabo\/wp-json\/wp\/v2\/types\/post"}],"author":[{"embeddable":true,"href":"https:\/\/blogs.correiobraziliense.com.br\/lianasabo\/wp-json\/wp\/v2\/users\/54"}],"replies":[{"embeddable":true,"href":"https:\/\/blogs.correiobraziliense.com.br\/lianasabo\/wp-json\/wp\/v2\/comments?post=3259"}],"version-history":[{"count":1,"href":"https:\/\/blogs.correiobraziliense.com.br\/lianasabo\/wp-json\/wp\/v2\/posts\/3259\/revisions"}],"predecessor-version":[{"id":3261,"href":"https:\/\/blogs.correiobraziliense.com.br\/lianasabo\/wp-json\/wp\/v2\/posts\/3259\/revisions\/3261"}],"wp:attachment":[{"href":"https:\/\/blogs.correiobraziliense.com.br\/lianasabo\/wp-json\/wp\/v2\/media?parent=3259"}],"wp:term":[{"taxonomy":"category","embeddable":true,"href":"https:\/\/blogs.correiobraziliense.com.br\/lianasabo\/wp-json\/wp\/v2\/categories?post=3259"},{"taxonomy":"post_tag","embeddable":true,"href":"https:\/\/blogs.correiobraziliense.com.br\/lianasabo\/wp-json\/wp\/v2\/tags?post=3259"}],"curies":[{"name":"wp","href":"https:\/\/api.w.org\/{rel}","templated":true}]}}