{"id":3239,"date":"2019-05-31T09:00:51","date_gmt":"2019-05-31T12:00:51","guid":{"rendered":"https:\/\/blogs.correiobraziliense.com.br\/lianasabo\/?p=3239"},"modified":"2019-05-30T17:18:18","modified_gmt":"2019-05-30T20:18:18","slug":"emporio-los-andes-produz-alfajor-e-churros-com-recheio-de-avela","status":"publish","type":"post","link":"https:\/\/blogs.correiobraziliense.com.br\/lianasabo\/emporio-los-andes-produz-alfajor-e-churros-com-recheio-de-avela\/","title":{"rendered":"Emp\u00f3rio Los Andes produz alfajor e churros com recheio de avel\u00e3"},"content":{"rendered":"<p>&nbsp;<\/p>\n<p>&nbsp;<\/p>\n<p><span style=\"font-weight: 400\">A gastronomia do Chile s\u00f3 nos traz coisas boas. A monumental centolla, o refrescante Chardonnay do Vale de Casablanca, as fornidas empanadas e at\u00e9 mesmo o pisco, cuja origem \u00e9 disputada com o Peru, mas isso j\u00e1 \u00e9 outra hist\u00f3ria. O que vem agora s\u00e3o doces chilenos.<\/span><\/p>\n<p>&nbsp;<\/p>\n<p><span style=\"font-weight: 400\">Cuchufl\u00ed \u00e9 o nome de um canudo bem macio recheado de doce de leite e canela com sabor semelhante ao de churros. Pode sair ainda com recheio de avel\u00e3, cujo pre\u00e7o m\u00e9dio \u00e9 R$ 3,50. Outro doce \u00e9 alfajor, feito artesanalmente, leva farto recheio e cobertura de chocolate premium. A iguaria nasceu na Espanha, mas se expandiu por diversos pa\u00edses da Am\u00e9rica Latina.<\/span><\/p>\n<p>&nbsp;<\/p>\n<p><span style=\"font-weight: 400\">Ambos s\u00e3o produzidos pelo Emp\u00f3rio Los Andes, grife lan\u00e7ada pelo empres\u00e1rio Crist\u00f3bal Chait, que chegou h\u00e1 sete anos a Bras\u00edlia. Publicit\u00e1rio de forma\u00e7\u00e3o, o chileno Crist\u00f3bal trabalhou pouco na \u00e1rea e levou a criatividade para outros empreendimentos. No Chile, atuou no ramo de turismo e no Brasil, no campo da alimenta\u00e7\u00e3o.<\/span><\/p>\n<p>&nbsp;<\/p>\n<h3><b>Receita da av\u00f3<\/b><\/h3>\n<p>&nbsp;<\/p>\n<p><span style=\"font-weight: 400\">\u201cA confeitaria me escolheu, sempre fui apaixonado por doces e comecei a replicar as sobremesas que minha av\u00f3 fazia\u201d, conta Chait. \u201cOs doces come\u00e7aram a fazer sucesso nos eventos de amigos, o que me levou a apresentar para o p\u00fablico em geral\u201d, explica o doceiro.<\/span><\/p>\n<p>&nbsp;<\/p>\n<p><span style=\"font-weight: 400\">\u00c0 venda em mais de 60 pontos no Plano Piloto, Guar\u00e1, N\u00facleo Bandeirante e Taguatinga, os canuditos v\u00eam em embalagem de 45g com tr\u00eas unidades \u2014 ideal para carregar na bolsa ou na lancheira. J\u00e1 o alfajor \u00e9 vendido por unidade. Podem ser personalizados para serem servidos ou distribu\u00eddos em festas. Encomendas pelo WhatsApp 98118-8034 ou pelo e-mail: contato@emporiolosandes.com.<\/span><\/p>\n<p>&nbsp;<\/p>\n<p>&nbsp;<\/p>\n","protected":false},"excerpt":{"rendered":"<p>&nbsp; &nbsp; A gastronomia do Chile s\u00f3 nos traz coisas boas. A monumental centolla, o refrescante Chardonnay do Vale de Casablanca, as fornidas empanadas e at\u00e9 mesmo o pisco, cuja origem \u00e9 disputada com o Peru, mas isso j\u00e1 \u00e9 outra hist\u00f3ria. O que vem agora s\u00e3o doces chilenos. &nbsp; Cuchufl\u00ed \u00e9 o nome de um canudo bem macio recheado [&hellip;]<\/p>\n","protected":false},"author":54,"featured_media":3240,"comment_status":"open","ping_status":"open","sticky":false,"template":"","format":"standard","meta":{"footnotes":""},"categories":[1],"tags":[],"class_list":["post-3239","post","type-post","status-publish","format-standard","has-post-thumbnail","hentry","category-sem-categoria"],"_links":{"self":[{"href":"https:\/\/blogs.correiobraziliense.com.br\/lianasabo\/wp-json\/wp\/v2\/posts\/3239","targetHints":{"allow":["GET"]}}],"collection":[{"href":"https:\/\/blogs.correiobraziliense.com.br\/lianasabo\/wp-json\/wp\/v2\/posts"}],"about":[{"href":"https:\/\/blogs.correiobraziliense.com.br\/lianasabo\/wp-json\/wp\/v2\/types\/post"}],"author":[{"embeddable":true,"href":"https:\/\/blogs.correiobraziliense.com.br\/lianasabo\/wp-json\/wp\/v2\/users\/54"}],"replies":[{"embeddable":true,"href":"https:\/\/blogs.correiobraziliense.com.br\/lianasabo\/wp-json\/wp\/v2\/comments?post=3239"}],"version-history":[{"count":1,"href":"https:\/\/blogs.correiobraziliense.com.br\/lianasabo\/wp-json\/wp\/v2\/posts\/3239\/revisions"}],"predecessor-version":[{"id":3241,"href":"https:\/\/blogs.correiobraziliense.com.br\/lianasabo\/wp-json\/wp\/v2\/posts\/3239\/revisions\/3241"}],"wp:featuredmedia":[{"embeddable":true,"href":"https:\/\/blogs.correiobraziliense.com.br\/lianasabo\/wp-json\/wp\/v2\/media\/3240"}],"wp:attachment":[{"href":"https:\/\/blogs.correiobraziliense.com.br\/lianasabo\/wp-json\/wp\/v2\/media?parent=3239"}],"wp:term":[{"taxonomy":"category","embeddable":true,"href":"https:\/\/blogs.correiobraziliense.com.br\/lianasabo\/wp-json\/wp\/v2\/categories?post=3239"},{"taxonomy":"post_tag","embeddable":true,"href":"https:\/\/blogs.correiobraziliense.com.br\/lianasabo\/wp-json\/wp\/v2\/tags?post=3239"}],"curies":[{"name":"wp","href":"https:\/\/api.w.org\/{rel}","templated":true}]}}