{"id":3234,"date":"2019-05-31T08:00:58","date_gmt":"2019-05-31T11:00:58","guid":{"rendered":"https:\/\/blogs.correiobraziliense.com.br\/lianasabo\/?p=3234"},"modified":"2019-05-30T17:04:20","modified_gmt":"2019-05-30T20:04:20","slug":"conheca-the-salt-que-funciona-em-conteiner-no-posto-pb-eixinho-da-206-sul","status":"publish","type":"post","link":"https:\/\/blogs.correiobraziliense.com.br\/lianasabo\/conheca-the-salt-que-funciona-em-conteiner-no-posto-pb-eixinho-da-206-sul\/","title":{"rendered":"Conhe\u00e7a The Salt que funciona em cont\u00eainer no posto PB, eixinho da 206 Sul"},"content":{"rendered":"<p>&nbsp;<\/p>\n<p>&nbsp;<\/p>\n<p><span style=\"font-weight: 400\">Imposs\u00edvel n\u00e3o lembrar a can\u00e7\u00e3o infantil de Vin\u00edcius de Moraes, quando se visita o restaurante cont\u00eainer The Salt ancorado no Eixinho, na altura da 206 Sul, junto ao Posto PB. N\u00e3o que seja \u201cmuito engra\u00e7ada\u201d como a casa do poeta, \u201cque n\u00e3o tinha teto, n\u00e3o tinha nada\u201d. Ao contr\u00e1rio dessas aus\u00eancias, a casinha tem \u00e9 muito charme, que vem da constru\u00e7\u00e3o.<\/span><\/p>\n<p>&nbsp;<\/p>\n<p><span style=\"font-weight: 400\">\u201cFoi feita toda em casa, na ch\u00e1cara dos meus pais, transformada em canteiro de obras. Com a ajuda dele, que tem por hobby a marcenaria, a gente serrava as madeiras, soldava o ferro, parafusava e montava cada pe\u00e7a, enquanto (a esposa) Thainan cozinhava para n\u00f3s\u201d, conta o chef Enzo Pacelli, que depois de pronto o original bistr\u00f4 feito \u00e0 m\u00e3o, inaugurou card\u00e1pio elaborado por ele.<\/span><\/p>\n<p>&nbsp;<\/p>\n<p>&nbsp;<\/p>\n<h3><b>Aposta nas carnes<\/b><\/h3>\n<p>&nbsp;<\/p>\n<p><span style=\"font-weight: 400\">Trata-se de uma steakhouse, estilo food truck gourmet, mas que tem pelo menos um prato vegano, como as deliciosas abobrinhas defumadas grelhadas ao molho chimichurri e batatas selvagens (R$ 22). O forte, por\u00e9m, s\u00e3o as op\u00e7\u00f5es de carne, como a costelinha su\u00edna ao molho barbecue e batatas selvagens (R$ 30), o contrafil\u00e9 ao molho de ervas e fritas (R$ 29) ou a lingui\u00e7a recheada de provolone, baguete de alho e molho de mostarda (R$ 39, para duas pessoas).<\/span><\/p>\n<p>&nbsp;<\/p>\n<p><span style=\"font-weight: 400\">Com apenas um m\u00eas de funcionamento, o card\u00e1pio j\u00e1 tem o prato c\u00e9lebre, que \u00e9 a picanha ao molho chimichurri e delicioso risoto piemontese com mela\u00e7o por R$ 35. Outro must \u00e9 coxinha empanada ao barbecue e goiabada (duas unidades por R$ 26).<\/span><\/p>\n<figure id=\"attachment_3236\" aria-describedby=\"caption-attachment-3236\" style=\"width: 800px\" class=\"wp-caption aligncenter\"><a href=\"https:\/\/blogs.correiobraziliense.com.br\/lianasabo\/wp-content\/uploads\/sites\/25\/2019\/05\/CBPFOT280520190260-1.jpg\"><img loading=\"lazy\" decoding=\"async\" class=\"size-full wp-image-3236\" src=\"https:\/\/blogs.correiobraziliense.com.br\/lianasabo\/wp-content\/uploads\/sites\/25\/2019\/05\/CBPFOT280520190260-1.jpg\" alt=\"\" width=\"800\" height=\"600\" srcset=\"https:\/\/blogs.correiobraziliense.com.br\/lianasabo\/wp-content\/uploads\/sites\/25\/2019\/05\/CBPFOT280520190260-1.jpg 800w, https:\/\/blogs.correiobraziliense.com.br\/lianasabo\/wp-content\/uploads\/sites\/25\/2019\/05\/CBPFOT280520190260-1-300x225.jpg 300w, https:\/\/blogs.correiobraziliense.com.br\/lianasabo\/wp-content\/uploads\/sites\/25\/2019\/05\/CBPFOT280520190260-1-768x576.jpg 768w, https:\/\/blogs.correiobraziliense.com.br\/lianasabo\/wp-content\/uploads\/sites\/25\/2019\/05\/CBPFOT280520190260-1-550x413.jpg 550w, https:\/\/blogs.correiobraziliense.com.br\/lianasabo\/wp-content\/uploads\/sites\/25\/2019\/05\/CBPFOT280520190260-1-230x173.jpg 230w\" sizes=\"auto, (max-width: 800px) 100vw, 800px\" \/><\/a><figcaption id=\"caption-attachment-3236\" class=\"wp-caption-text\">Cr\u00e9dito: Liana Sabo\/CB\/D.A. Press. Picanha ao molho chimichurri e risoto piemontese com mela\u00e7o.<\/figcaption><\/figure>\n<h3><b>Produtos \u00e0 venda<\/b><\/h3>\n<p>&nbsp;<\/p>\n<p><span style=\"font-weight: 400\">Formado em gastronomia pela Unieuro, o brasiliense Enzo Pacelli, de 30 anos, passou por restaurantes de renome, como Zuu a.Z d.Z, Quitinete, Universal Diner, Avenida Paulista e, por \u00faltimo, Noah. A experi\u00eancia adquirida em tantos lugares o levou a simplificar as prepara\u00e7\u00f5es e privilegiar o sabor. \u201cO segredo da gastronomia s\u00e3o os molhos\u201d, confessa o chef. \u201cApesar de condimentados, eu s\u00f3 uso temperos frescos e org\u00e2nicos\u201d. Na sobremesa, ele prop\u00f5e churros de banana com doce de leite (R$ 18).<\/span><\/p>\n<p>&nbsp;<\/p>\n<p><span style=\"font-weight: 400\">Com uma clientela de perfil jovem, o The Salt passa a comercializar em julho alguns produtos cobi\u00e7ados, como o avental do chef, feito em couro no melhor estilo western, e t\u00e1buas para servir carnes, cortadas na marcenaria do pai. Com a ajuda de Thainan Arag\u00e3o, s\u00f3cia da casa, que tamb\u00e9m oferece atendimento pet friendly, Enzo abre o cont\u00eainer de ter\u00e7a a quinta, das 17h \u00e0 0h, sexta e s\u00e1bado, das 17h \u00e0 1h, e domingo, das 12h \u00e0s 17h. Telefones: 99553-9274 e 99275-6900.<\/span><\/p>\n<p>&nbsp;<\/p>\n<figure id=\"attachment_3237\" aria-describedby=\"caption-attachment-3237\" style=\"width: 800px\" class=\"wp-caption aligncenter\"><a href=\"https:\/\/blogs.correiobraziliense.com.br\/lianasabo\/wp-content\/uploads\/sites\/25\/2019\/05\/CBPFOT280520190263.jpg\"><img loading=\"lazy\" decoding=\"async\" class=\"size-full wp-image-3237\" src=\"https:\/\/blogs.correiobraziliense.com.br\/lianasabo\/wp-content\/uploads\/sites\/25\/2019\/05\/CBPFOT280520190263.jpg\" alt=\"\" width=\"800\" height=\"600\" srcset=\"https:\/\/blogs.correiobraziliense.com.br\/lianasabo\/wp-content\/uploads\/sites\/25\/2019\/05\/CBPFOT280520190263.jpg 800w, https:\/\/blogs.correiobraziliense.com.br\/lianasabo\/wp-content\/uploads\/sites\/25\/2019\/05\/CBPFOT280520190263-300x225.jpg 300w, https:\/\/blogs.correiobraziliense.com.br\/lianasabo\/wp-content\/uploads\/sites\/25\/2019\/05\/CBPFOT280520190263-768x576.jpg 768w, https:\/\/blogs.correiobraziliense.com.br\/lianasabo\/wp-content\/uploads\/sites\/25\/2019\/05\/CBPFOT280520190263-550x413.jpg 550w, https:\/\/blogs.correiobraziliense.com.br\/lianasabo\/wp-content\/uploads\/sites\/25\/2019\/05\/CBPFOT280520190263-230x173.jpg 230w\" sizes=\"auto, (max-width: 800px) 100vw, 800px\" \/><\/a><figcaption id=\"caption-attachment-3237\" class=\"wp-caption-text\">Cr\u00e9dito: Liana Sabo\/CB\/D.A. Press. Prato de abobrinhas defumadas grelhadas e batatas selvagens<\/figcaption><\/figure>\n<p>&nbsp;<\/p>\n<p>&nbsp;<\/p>\n","protected":false},"excerpt":{"rendered":"<p>&nbsp; &nbsp; Imposs\u00edvel n\u00e3o lembrar a can\u00e7\u00e3o infantil de Vin\u00edcius de Moraes, quando se visita o restaurante cont\u00eainer The Salt ancorado no Eixinho, na altura da 206 Sul, junto ao Posto PB. N\u00e3o que seja \u201cmuito engra\u00e7ada\u201d como a casa do poeta, \u201cque n\u00e3o tinha teto, n\u00e3o tinha nada\u201d. Ao contr\u00e1rio dessas aus\u00eancias, a casinha tem \u00e9 muito charme, que [&hellip;]<\/p>\n","protected":false},"author":54,"featured_media":3235,"comment_status":"open","ping_status":"open","sticky":false,"template":"","format":"standard","meta":{"footnotes":""},"categories":[1],"tags":[],"class_list":["post-3234","post","type-post","status-publish","format-standard","has-post-thumbnail","hentry","category-sem-categoria"],"_links":{"self":[{"href":"https:\/\/blogs.correiobraziliense.com.br\/lianasabo\/wp-json\/wp\/v2\/posts\/3234","targetHints":{"allow":["GET"]}}],"collection":[{"href":"https:\/\/blogs.correiobraziliense.com.br\/lianasabo\/wp-json\/wp\/v2\/posts"}],"about":[{"href":"https:\/\/blogs.correiobraziliense.com.br\/lianasabo\/wp-json\/wp\/v2\/types\/post"}],"author":[{"embeddable":true,"href":"https:\/\/blogs.correiobraziliense.com.br\/lianasabo\/wp-json\/wp\/v2\/users\/54"}],"replies":[{"embeddable":true,"href":"https:\/\/blogs.correiobraziliense.com.br\/lianasabo\/wp-json\/wp\/v2\/comments?post=3234"}],"version-history":[{"count":1,"href":"https:\/\/blogs.correiobraziliense.com.br\/lianasabo\/wp-json\/wp\/v2\/posts\/3234\/revisions"}],"predecessor-version":[{"id":3238,"href":"https:\/\/blogs.correiobraziliense.com.br\/lianasabo\/wp-json\/wp\/v2\/posts\/3234\/revisions\/3238"}],"wp:featuredmedia":[{"embeddable":true,"href":"https:\/\/blogs.correiobraziliense.com.br\/lianasabo\/wp-json\/wp\/v2\/media\/3235"}],"wp:attachment":[{"href":"https:\/\/blogs.correiobraziliense.com.br\/lianasabo\/wp-json\/wp\/v2\/media?parent=3234"}],"wp:term":[{"taxonomy":"category","embeddable":true,"href":"https:\/\/blogs.correiobraziliense.com.br\/lianasabo\/wp-json\/wp\/v2\/categories?post=3234"},{"taxonomy":"post_tag","embeddable":true,"href":"https:\/\/blogs.correiobraziliense.com.br\/lianasabo\/wp-json\/wp\/v2\/tags?post=3234"}],"curies":[{"name":"wp","href":"https:\/\/api.w.org\/{rel}","templated":true}]}}