{"id":3226,"date":"2019-05-28T10:00:42","date_gmt":"2019-05-28T13:00:42","guid":{"rendered":"https:\/\/blogs.correiobraziliense.com.br\/lianasabo\/?p=3226"},"modified":"2019-05-27T18:53:14","modified_gmt":"2019-05-27T21:53:14","slug":"chef-francisco-ansiliero-harmoniza-jacare-com-vinho-argentino","status":"publish","type":"post","link":"https:\/\/blogs.correiobraziliense.com.br\/lianasabo\/chef-francisco-ansiliero-harmoniza-jacare-com-vinho-argentino\/","title":{"rendered":"Chef Francisco Ansiliero harmoniza jacar\u00e9 com vinho argentino"},"content":{"rendered":"<p>Est\u00e1 bombando o prato de jacar\u00e9 grelhado com molho de cagaita acompanhado de nhoque de mangarito que o chef Francisco Ansiliero lan\u00e7ou no card\u00e1pio de seu restaurante na Asbac. Tanto tem sido a procura que o mestre da culin\u00e1ria do cerrado incluiu no menu que servir\u00e1 quinta-feira, dia 23, como segunda etapa da degusta\u00e7\u00e3o com vinhos da Bodega Salentein, localizada no cora\u00e7\u00e3o do Vale do Uco , e de Bodegas Pyros, no Vale do Pedernal, extremo norte da Argentina.<\/p>\n<p>O jantar no Dom Francisco\u00a0 come\u00e7a com uma salada de lagosta, polvo e feij\u00e3o manteiguinha de Santar\u00e9m acompanhado com Numinha Chardonnay. O jacar\u00e9 vem no segundo prato com Salentein Reserve Blend, enquanto um fil\u00e9 de cordeiro com molho roti acompanhado de batatas ao forno ser\u00e1 o terceiro prato harmonizado com Numinha Malbec.<\/p>\n<p>O banquete neste ponto estar\u00e1 apenas na metade, porque ainda vir\u00e1 bacalhau na brasa com arroz de br\u00f3colis com Pyros Syrah e por fim, picanha com farofa de ovos, na ta\u00e7a o Primus Malbec.<\/p>\n<p>Tudo por R$ 230, a partir das 20h. Reservas pelos telefones: 3226-2005 ou 99272-8629.<\/p>\n<p>&nbsp;<\/p>\n<figure id=\"attachment_3230\" aria-describedby=\"caption-attachment-3230\" style=\"width: 800px\" class=\"wp-caption aligncenter\"><a href=\"https:\/\/blogs.correiobraziliense.com.br\/lianasabo\/wp-content\/uploads\/sites\/25\/2019\/05\/CBPFOT180620180417.jpg\"><img loading=\"lazy\" decoding=\"async\" class=\"size-full wp-image-3230\" src=\"https:\/\/blogs.correiobraziliense.com.br\/lianasabo\/wp-content\/uploads\/sites\/25\/2019\/05\/CBPFOT180620180417.jpg\" alt=\"\" width=\"800\" height=\"532\" srcset=\"https:\/\/blogs.correiobraziliense.com.br\/lianasabo\/wp-content\/uploads\/sites\/25\/2019\/05\/CBPFOT180620180417.jpg 800w, https:\/\/blogs.correiobraziliense.com.br\/lianasabo\/wp-content\/uploads\/sites\/25\/2019\/05\/CBPFOT180620180417-300x200.jpg 300w, https:\/\/blogs.correiobraziliense.com.br\/lianasabo\/wp-content\/uploads\/sites\/25\/2019\/05\/CBPFOT180620180417-768x511.jpg 768w, https:\/\/blogs.correiobraziliense.com.br\/lianasabo\/wp-content\/uploads\/sites\/25\/2019\/05\/CBPFOT180620180417-550x366.jpg 550w, https:\/\/blogs.correiobraziliense.com.br\/lianasabo\/wp-content\/uploads\/sites\/25\/2019\/05\/CBPFOT180620180417-230x153.jpg 230w\" sizes=\"auto, (max-width: 800px) 100vw, 800px\" \/><\/a><figcaption id=\"caption-attachment-3230\" class=\"wp-caption-text\">Marcelo Ferreira\/CB\/D.A Press. Chef Francisco Ansiliero prepara jantar harmonizado nesta quinta<\/figcaption><\/figure>\n<p>&nbsp;<\/p>\n","protected":false},"excerpt":{"rendered":"<p>Est\u00e1 bombando o prato de jacar\u00e9 grelhado com molho de cagaita acompanhado de nhoque de mangarito que o chef Francisco Ansiliero lan\u00e7ou no card\u00e1pio de seu restaurante na Asbac. Tanto tem sido a procura que o mestre da culin\u00e1ria do cerrado incluiu no menu que servir\u00e1 quinta-feira, dia 23, como segunda etapa da degusta\u00e7\u00e3o com vinhos da Bodega Salentein, localizada [&hellip;]<\/p>\n","protected":false},"author":54,"featured_media":3228,"comment_status":"open","ping_status":"open","sticky":false,"template":"","format":"standard","meta":{"footnotes":""},"categories":[1],"tags":[],"class_list":["post-3226","post","type-post","status-publish","format-standard","has-post-thumbnail","hentry","category-sem-categoria"],"_links":{"self":[{"href":"https:\/\/blogs.correiobraziliense.com.br\/lianasabo\/wp-json\/wp\/v2\/posts\/3226","targetHints":{"allow":["GET"]}}],"collection":[{"href":"https:\/\/blogs.correiobraziliense.com.br\/lianasabo\/wp-json\/wp\/v2\/posts"}],"about":[{"href":"https:\/\/blogs.correiobraziliense.com.br\/lianasabo\/wp-json\/wp\/v2\/types\/post"}],"author":[{"embeddable":true,"href":"https:\/\/blogs.correiobraziliense.com.br\/lianasabo\/wp-json\/wp\/v2\/users\/54"}],"replies":[{"embeddable":true,"href":"https:\/\/blogs.correiobraziliense.com.br\/lianasabo\/wp-json\/wp\/v2\/comments?post=3226"}],"version-history":[{"count":3,"href":"https:\/\/blogs.correiobraziliense.com.br\/lianasabo\/wp-json\/wp\/v2\/posts\/3226\/revisions"}],"predecessor-version":[{"id":3231,"href":"https:\/\/blogs.correiobraziliense.com.br\/lianasabo\/wp-json\/wp\/v2\/posts\/3226\/revisions\/3231"}],"wp:featuredmedia":[{"embeddable":true,"href":"https:\/\/blogs.correiobraziliense.com.br\/lianasabo\/wp-json\/wp\/v2\/media\/3228"}],"wp:attachment":[{"href":"https:\/\/blogs.correiobraziliense.com.br\/lianasabo\/wp-json\/wp\/v2\/media?parent=3226"}],"wp:term":[{"taxonomy":"category","embeddable":true,"href":"https:\/\/blogs.correiobraziliense.com.br\/lianasabo\/wp-json\/wp\/v2\/categories?post=3226"},{"taxonomy":"post_tag","embeddable":true,"href":"https:\/\/blogs.correiobraziliense.com.br\/lianasabo\/wp-json\/wp\/v2\/tags?post=3226"}],"curies":[{"name":"wp","href":"https:\/\/api.w.org\/{rel}","templated":true}]}}