{"id":3220,"date":"2019-05-27T11:00:06","date_gmt":"2019-05-27T14:00:06","guid":{"rendered":"https:\/\/blogs.correiobraziliense.com.br\/lianasabo\/?p=3220"},"modified":"2019-05-27T18:59:07","modified_gmt":"2019-05-27T21:59:07","slug":"nao-perca-jantar-provencal-com-musica-francesa-ao-vivo","status":"publish","type":"post","link":"https:\/\/blogs.correiobraziliense.com.br\/lianasabo\/nao-perca-jantar-provencal-com-musica-francesa-ao-vivo\/","title":{"rendered":"N\u00e3o perca jantar proven\u00e7al com m\u00fasica francesa ao vivo"},"content":{"rendered":"<p>Mais uma vez o sul da Fran\u00e7a, especificamente a Provence, \u00e9 foco do programa mais delicioso que poderia ocorrer nesta quinta-feira, dia 30 de maio, na Alian\u00e7a Francesa, na 708 Sul. L\u00e1, o chef franc\u00eas Lionel Ortega assume as ca\u00e7arolas para elaborar jantar em tr\u00eas etapas de pratos autenticamente regionais.\u00a0 Desde os aperitivos com torrada de pur\u00ea de berinjela, rocambole de ricota e mel e mini croque monsieur ao pesto at\u00e9 a sobremesa, tudo poder\u00e1 ser regado com bons r\u00f3tulos da Casa Valduga.<\/p>\n<p>Na entrada, salada de queijo de cabra gratinada com creme de aceto bals\u00e2mico. No principal, h\u00e1 duas op\u00e7\u00f5es. Voc\u00ea poder\u00e1 escolher entre o cordeiro grelhado com ratatouille ao molho de cebolas caramelizadas ou a carne bovina , que \u00e9 um fil\u00e9 grelhado com musseline de batata ao tomilho e legumes ao molho de parmes\u00e3o.\u00a0 De sobremesa, cr\u00eape suzette e chantily.Acompanhado de vinhos o jantar sai por R$ 189 e sem harmoniza\u00e7\u00e3o fica por R$ 149.<\/p>\n<p>Segundo o chef Ortega, ser\u00e1 &#8220;uma noite de alquimia e m\u00fasica francesa ao vivo&#8221;. Tamb\u00e9m servir\u00e1 para divulgar a programa\u00e7\u00e3o tur\u00edstica que a ag\u00eancia Schultz oferece na viagem de oito dias a Proven\u00e7a\u00a0 no per\u00edodo entre 21 a 29 de setembro. Reservas pelo telefone: 98271-1718.<\/p>\n","protected":false},"excerpt":{"rendered":"<p>Mais uma vez o sul da Fran\u00e7a, especificamente a Provence, \u00e9 foco do programa mais delicioso que poderia ocorrer nesta quinta-feira, dia 30 de maio, na Alian\u00e7a Francesa, na 708 Sul. L\u00e1, o chef franc\u00eas Lionel Ortega assume as ca\u00e7arolas para elaborar jantar em tr\u00eas etapas de pratos autenticamente regionais.\u00a0 Desde os aperitivos com torrada de pur\u00ea de berinjela, rocambole [&hellip;]<\/p>\n","protected":false},"author":54,"featured_media":3233,"comment_status":"open","ping_status":"open","sticky":false,"template":"","format":"standard","meta":{"footnotes":""},"categories":[1],"tags":[],"class_list":["post-3220","post","type-post","status-publish","format-standard","has-post-thumbnail","hentry","category-sem-categoria"],"_links":{"self":[{"href":"https:\/\/blogs.correiobraziliense.com.br\/lianasabo\/wp-json\/wp\/v2\/posts\/3220","targetHints":{"allow":["GET"]}}],"collection":[{"href":"https:\/\/blogs.correiobraziliense.com.br\/lianasabo\/wp-json\/wp\/v2\/posts"}],"about":[{"href":"https:\/\/blogs.correiobraziliense.com.br\/lianasabo\/wp-json\/wp\/v2\/types\/post"}],"author":[{"embeddable":true,"href":"https:\/\/blogs.correiobraziliense.com.br\/lianasabo\/wp-json\/wp\/v2\/users\/54"}],"replies":[{"embeddable":true,"href":"https:\/\/blogs.correiobraziliense.com.br\/lianasabo\/wp-json\/wp\/v2\/comments?post=3220"}],"version-history":[{"count":2,"href":"https:\/\/blogs.correiobraziliense.com.br\/lianasabo\/wp-json\/wp\/v2\/posts\/3220\/revisions"}],"predecessor-version":[{"id":3225,"href":"https:\/\/blogs.correiobraziliense.com.br\/lianasabo\/wp-json\/wp\/v2\/posts\/3220\/revisions\/3225"}],"wp:featuredmedia":[{"embeddable":true,"href":"https:\/\/blogs.correiobraziliense.com.br\/lianasabo\/wp-json\/wp\/v2\/media\/3233"}],"wp:attachment":[{"href":"https:\/\/blogs.correiobraziliense.com.br\/lianasabo\/wp-json\/wp\/v2\/media?parent=3220"}],"wp:term":[{"taxonomy":"category","embeddable":true,"href":"https:\/\/blogs.correiobraziliense.com.br\/lianasabo\/wp-json\/wp\/v2\/categories?post=3220"},{"taxonomy":"post_tag","embeddable":true,"href":"https:\/\/blogs.correiobraziliense.com.br\/lianasabo\/wp-json\/wp\/v2\/tags?post=3220"}],"curies":[{"name":"wp","href":"https:\/\/api.w.org\/{rel}","templated":true}]}}