{"id":3199,"date":"2019-05-10T09:00:23","date_gmt":"2019-05-10T12:00:23","guid":{"rendered":"https:\/\/blogs.correiobraziliense.com.br\/lianasabo\/?p=3199"},"modified":"2019-05-09T16:40:11","modified_gmt":"2019-05-09T19:40:11","slug":"brasilia-vai-ganhar-o-primeiro-bar-japones","status":"publish","type":"post","link":"https:\/\/blogs.correiobraziliense.com.br\/lianasabo\/brasilia-vai-ganhar-o-primeiro-bar-japones\/","title":{"rendered":"Bras\u00edlia vai ganhar o primeiro bar japon\u00eas"},"content":{"rendered":"<p>&nbsp;<\/p>\n<p>Enquanto se recupera em casa de uma cirurgia de h\u00e9rnia, o renomado chef Cristiano Komiya (foto) pensa nos pratos que vai oferecer no esperado boteco japon\u00eas, cuja abertura est\u00e1 prevista para o m\u00eas de julho. Ser\u00e1 o primeiro izakaia (pronuncia-se izakai\u00e1) da cidade e vai funcionar na loja ao lado do New Koto, Bloco C da 212 Sul, com menu \u201ctotalmente diferente\u201d, garante o sushiman. \u201cA ideia era do meu pai, que sempre dizia \u2018quando me aposentar vou deixar o restaurante para voc\u00ea e montar um bar para mim\u2019\u201d. Ryozo Komiya morreu antes de realizar o sonho, que \u201cagora est\u00e1 na reta final com a parceria de amigos queridos\u201d, diz o filho. A irm\u00e3 Carina Komiya tamb\u00e9m far\u00e1 parte da equipe.<\/p>\n<p>Mais barato e descontra\u00eddo que os restaurantes tradicionais, o izakaia (j\u00e1 foi febre em S\u00e3o Paulo) traz berinjela, miss\u00f4, l\u00e1men, algumas friturinhas e saqu\u00ea. Cristiano garante que n\u00e3o vai faltar kakuni, pancetta de porco cozida, bem macia, para comer com hashis e karague, frango frito. Nos drinques ele est\u00e1 pensando nos mix de laranja e gengibre, por exemplo.<\/p>\n<p>A ideia \u00e9 que o bar seja um lugar para conversar e beber depois do trabalho, como se faz no Jap\u00e3o, onde antes de terem comida, os izakaias ofereciam s\u00f3 bebida, por\u00e9m a partir de 2000 as casas refor\u00e7aram o card\u00e1pio. Vamos aguardar.<\/p>\n","protected":false},"excerpt":{"rendered":"<p>&nbsp; Enquanto se recupera em casa de uma cirurgia de h\u00e9rnia, o renomado chef Cristiano Komiya (foto) pensa nos pratos que vai oferecer no esperado boteco japon\u00eas, cuja abertura est\u00e1 prevista para o m\u00eas de julho. Ser\u00e1 o primeiro izakaia (pronuncia-se izakai\u00e1) da cidade e vai funcionar na loja ao lado do New Koto, Bloco C da 212 Sul, com [&hellip;]<\/p>\n","protected":false},"author":54,"featured_media":3200,"comment_status":"open","ping_status":"open","sticky":false,"template":"","format":"standard","meta":{"footnotes":""},"categories":[1],"tags":[],"class_list":["post-3199","post","type-post","status-publish","format-standard","has-post-thumbnail","hentry","category-sem-categoria"],"_links":{"self":[{"href":"https:\/\/blogs.correiobraziliense.com.br\/lianasabo\/wp-json\/wp\/v2\/posts\/3199","targetHints":{"allow":["GET"]}}],"collection":[{"href":"https:\/\/blogs.correiobraziliense.com.br\/lianasabo\/wp-json\/wp\/v2\/posts"}],"about":[{"href":"https:\/\/blogs.correiobraziliense.com.br\/lianasabo\/wp-json\/wp\/v2\/types\/post"}],"author":[{"embeddable":true,"href":"https:\/\/blogs.correiobraziliense.com.br\/lianasabo\/wp-json\/wp\/v2\/users\/54"}],"replies":[{"embeddable":true,"href":"https:\/\/blogs.correiobraziliense.com.br\/lianasabo\/wp-json\/wp\/v2\/comments?post=3199"}],"version-history":[{"count":1,"href":"https:\/\/blogs.correiobraziliense.com.br\/lianasabo\/wp-json\/wp\/v2\/posts\/3199\/revisions"}],"predecessor-version":[{"id":3201,"href":"https:\/\/blogs.correiobraziliense.com.br\/lianasabo\/wp-json\/wp\/v2\/posts\/3199\/revisions\/3201"}],"wp:featuredmedia":[{"embeddable":true,"href":"https:\/\/blogs.correiobraziliense.com.br\/lianasabo\/wp-json\/wp\/v2\/media\/3200"}],"wp:attachment":[{"href":"https:\/\/blogs.correiobraziliense.com.br\/lianasabo\/wp-json\/wp\/v2\/media?parent=3199"}],"wp:term":[{"taxonomy":"category","embeddable":true,"href":"https:\/\/blogs.correiobraziliense.com.br\/lianasabo\/wp-json\/wp\/v2\/categories?post=3199"},{"taxonomy":"post_tag","embeddable":true,"href":"https:\/\/blogs.correiobraziliense.com.br\/lianasabo\/wp-json\/wp\/v2\/tags?post=3199"}],"curies":[{"name":"wp","href":"https:\/\/api.w.org\/{rel}","templated":true}]}}