{"id":3176,"date":"2019-05-03T10:00:53","date_gmt":"2019-05-03T13:00:53","guid":{"rendered":"https:\/\/blogs.correiobraziliense.com.br\/lianasabo\/?p=3176"},"modified":"2019-05-02T16:49:16","modified_gmt":"2019-05-02T19:49:16","slug":"semana-da-europa-comeca-sabado-com-muitos-sabores-na-alianca-francesa","status":"publish","type":"post","link":"https:\/\/blogs.correiobraziliense.com.br\/lianasabo\/semana-da-europa-comeca-sabado-com-muitos-sabores-na-alianca-francesa\/","title":{"rendered":"Semana da Europa come\u00e7a s\u00e1bado com muitos sabores na Alian\u00e7a Francesa"},"content":{"rendered":"<p>&nbsp;<\/p>\n<p>&nbsp;<\/p>\n<p>&nbsp;<\/p>\n<p><span style=\"font-weight: 400\">Evento muito esperado n\u00e3o s\u00f3 por quem curte gastronomia, mas tamb\u00e9m cultura em geral, \u00e9 a 15\u00aa edi\u00e7\u00e3o da Semana da Europa, que come\u00e7a amanh\u00e3 e vai at\u00e9 o dia 19, portanto se estende por 16 dias. A abertura se dar\u00e1 na Alian\u00e7a Francesa (708\/907 Sul), no hor\u00e1rio das 11h \u00e0s 17h, com um mundo de sabores, quase todos artesanais que tem sido degustados todos os anos em edi\u00e7\u00f5es anteriores.<\/span><\/p>\n<p>&nbsp;<\/p>\n<p><span style=\"font-weight: 400\">L\u00e1 voc\u00ea vai poder se deliciar com a paella marinera (R$ 35), croqueta (R$ 4) e tortilha espanhola (R$ 20) do restaurante Chiringuito la esquinita, da Vila Planalto. A B\u00e9lgica marcar\u00e1 presen\u00e7a com a iguaria do food truck Batata frita da Hora e as del\u00edcias do chocolatier Aguimar Ferreira, que s\u00f3 usa chocolate belga. J\u00e1 a Alemanha, que divide o estande com a Casa da Esperan\u00e7a, obra social luterana, oferece saboroso prato de dois salsich\u00f5es com chucrute (R$ 30), al\u00e9m de cucas, bolos e pretzel. Tamb\u00e9m estar\u00e1 presente o chef Knut \u00a0Ratschiller, com Eisbein (joelho de porco por R$ 40); salsicha branca com salada de batata (R$ 35) e Apfelstrudel (R$ 15).<\/span><\/p>\n<p>&nbsp;<\/p>\n<p><span style=\"font-weight: 400\">O pub irland\u00eas The Brian Boru, de Piren\u00f3polis, tem como atra\u00e7\u00e3o chope verde, cerveja Guinness em lata, ensopado \u00e0 moda da Irlanda, doce de chocolate e u\u00edsque. J\u00e1 a culin\u00e1ria italiana estar\u00e1 representada pelas grifes Il Pandrino e Il Basilico que trazem algumas prepara\u00e7\u00f5es de penne ao molho de tomate e manjeric\u00e3o; com mix de cogumelos e a matriciana; tiramis\u00f9 de sobremesa e o limoncello Para\u00edso, feito na Chapada e lan\u00e7ado aqui h\u00e1 dois anos.<\/span><\/p>\n<p>&nbsp;<\/p>\n<h3><b>Ainda tem mais&#8230;<\/b><\/h3>\n<figure id=\"attachment_3178\" aria-describedby=\"caption-attachment-3178\" style=\"width: 800px\" class=\"wp-caption aligncenter\"><a href=\"https:\/\/blogs.correiobraziliense.com.br\/lianasabo\/wp-content\/uploads\/sites\/25\/2019\/05\/CBPFOT120620180696.jpg\"><img loading=\"lazy\" decoding=\"async\" class=\"size-full wp-image-3178\" src=\"https:\/\/blogs.correiobraziliense.com.br\/lianasabo\/wp-content\/uploads\/sites\/25\/2019\/05\/CBPFOT120620180696.jpg\" alt=\"\" width=\"800\" height=\"533\" srcset=\"https:\/\/blogs.correiobraziliense.com.br\/lianasabo\/wp-content\/uploads\/sites\/25\/2019\/05\/CBPFOT120620180696.jpg 800w, https:\/\/blogs.correiobraziliense.com.br\/lianasabo\/wp-content\/uploads\/sites\/25\/2019\/05\/CBPFOT120620180696-300x200.jpg 300w, https:\/\/blogs.correiobraziliense.com.br\/lianasabo\/wp-content\/uploads\/sites\/25\/2019\/05\/CBPFOT120620180696-768x512.jpg 768w, https:\/\/blogs.correiobraziliense.com.br\/lianasabo\/wp-content\/uploads\/sites\/25\/2019\/05\/CBPFOT120620180696-550x366.jpg 550w, https:\/\/blogs.correiobraziliense.com.br\/lianasabo\/wp-content\/uploads\/sites\/25\/2019\/05\/CBPFOT120620180696-230x153.jpg 230w\" sizes=\"auto, (max-width: 800px) 100vw, 800px\" \/><\/a><figcaption id=\"caption-attachment-3178\" class=\"wp-caption-text\">Cr\u00e9dito: B\u00e1rbara Cabral\/Esp. CB\/D.A Press. Past\u00e9is de Nata, produzidos pela marca Tr\u00e1s-os-Montes<\/figcaption><\/figure>\n<p><span style=\"font-weight: 400\">O tour gastron\u00f4mico deste s\u00e1bado \u00a0n\u00e3o terminou. O restaurante Le Jardin vai preparar sandu\u00edches no croissant, al\u00e9m de vender vinhos franceses, enquanto a Casa do Holand\u00eas representar\u00e1 os Pa\u00edses Baixos com uma receita exclusiva de dutch hotdog.<\/span><\/p>\n<p>&nbsp;<\/p>\n<p><span style=\"font-weight: 400\">Al\u00e9m da Zubr\u00f3wka, uma das melhores vodcas do mundo, destilada sete vezes e que cont\u00e9m em cada garrafa uma folhinha da grama, alimento exclusive de bisontes, ser\u00e1 poss\u00edvel experimentar no estande da Pol\u00f4nia o prato oficial do pa\u00eds, bigos cuja receita tem mais de 500 anos. Trata-se de um guisado de carnes diversas com couve branca ou chucrute.<\/span><\/p>\n<p>&nbsp;<\/p>\n<p><span style=\"font-weight: 400\">A chef Daniela Cruz levar\u00e1 seus famosos past\u00e9is de nata da marca Tr\u00e1s os Montes. Por fim, quem for ao estande da Su\u00e9cia vai saborear Kanelbullar (rosquinha de canela) e Hallongrotton (biscoito amanteigado). No domingo, ser\u00e1 realizada a corrida Uni\u00e3o Europeia.<\/span><\/p>\n<p>&nbsp;<\/p>\n<h3><b>Para ver e ouvir<\/b><\/h3>\n<p>&nbsp;<\/p>\n<p><span style=\"font-weight: 400\">Ao longo do dia da abertura, haver\u00e1 muita m\u00fasica, a come\u00e7ar pela cantora sueca Kajsa Beijer, que vive aqui desde 2012, e se apresenta \u00e0s 13h com repert\u00f3rio de jazz, pop, soul, gospel e R&amp;B. A partir das 14h, dan\u00e7arinos dar\u00e3o um show de bailes espanh\u00f3is, seguido de workshop de dan\u00e7a flamenca para o p\u00fablico.<\/span><\/p>\n<p>&nbsp;<\/p>\n<p><span style=\"font-weight: 400\">Em seguida, sobe ao palco a soul woman alem\u00e3 Georgia W. Al\u00f4, que interpretar\u00e1 m\u00fasica americana, como black music.<\/span><\/p>\n<p>&nbsp;<\/p>\n<p><span style=\"font-weight: 400\">Orquestra Jovem de Metais e Percuss\u00e3o do SESC-DF ser\u00e1 a atra\u00e7\u00e3o das 16h sob a batuta do maestro Altair Paulo da Silva, que rege composi\u00e7\u00f5es brasileiras e europeias executadas por 25 m\u00fasicos, e \u00e0s 17h desembarca na Alian\u00e7a Francesa para encerrar a festa a banda franco-brasileira Cao Laru, criada na Fran\u00e7a por seis m\u00fasicos.<\/span><\/p>\n<p>&nbsp;<\/p>\n<p>&nbsp;<\/p>\n","protected":false},"excerpt":{"rendered":"<p>&nbsp; &nbsp; &nbsp; Evento muito esperado n\u00e3o s\u00f3 por quem curte gastronomia, mas tamb\u00e9m cultura em geral, \u00e9 a 15\u00aa edi\u00e7\u00e3o da Semana da Europa, que come\u00e7a amanh\u00e3 e vai at\u00e9 o dia 19, portanto se estende por 16 dias. A abertura se dar\u00e1 na Alian\u00e7a Francesa (708\/907 Sul), no hor\u00e1rio das 11h \u00e0s 17h, com um mundo de sabores, [&hellip;]<\/p>\n","protected":false},"author":54,"featured_media":3177,"comment_status":"open","ping_status":"open","sticky":false,"template":"","format":"standard","meta":{"footnotes":""},"categories":[1],"tags":[],"class_list":["post-3176","post","type-post","status-publish","format-standard","has-post-thumbnail","hentry","category-sem-categoria"],"_links":{"self":[{"href":"https:\/\/blogs.correiobraziliense.com.br\/lianasabo\/wp-json\/wp\/v2\/posts\/3176","targetHints":{"allow":["GET"]}}],"collection":[{"href":"https:\/\/blogs.correiobraziliense.com.br\/lianasabo\/wp-json\/wp\/v2\/posts"}],"about":[{"href":"https:\/\/blogs.correiobraziliense.com.br\/lianasabo\/wp-json\/wp\/v2\/types\/post"}],"author":[{"embeddable":true,"href":"https:\/\/blogs.correiobraziliense.com.br\/lianasabo\/wp-json\/wp\/v2\/users\/54"}],"replies":[{"embeddable":true,"href":"https:\/\/blogs.correiobraziliense.com.br\/lianasabo\/wp-json\/wp\/v2\/comments?post=3176"}],"version-history":[{"count":1,"href":"https:\/\/blogs.correiobraziliense.com.br\/lianasabo\/wp-json\/wp\/v2\/posts\/3176\/revisions"}],"predecessor-version":[{"id":3179,"href":"https:\/\/blogs.correiobraziliense.com.br\/lianasabo\/wp-json\/wp\/v2\/posts\/3176\/revisions\/3179"}],"wp:featuredmedia":[{"embeddable":true,"href":"https:\/\/blogs.correiobraziliense.com.br\/lianasabo\/wp-json\/wp\/v2\/media\/3177"}],"wp:attachment":[{"href":"https:\/\/blogs.correiobraziliense.com.br\/lianasabo\/wp-json\/wp\/v2\/media?parent=3176"}],"wp:term":[{"taxonomy":"category","embeddable":true,"href":"https:\/\/blogs.correiobraziliense.com.br\/lianasabo\/wp-json\/wp\/v2\/categories?post=3176"},{"taxonomy":"post_tag","embeddable":true,"href":"https:\/\/blogs.correiobraziliense.com.br\/lianasabo\/wp-json\/wp\/v2\/tags?post=3176"}],"curies":[{"name":"wp","href":"https:\/\/api.w.org\/{rel}","templated":true}]}}