{"id":3133,"date":"2019-04-19T10:00:12","date_gmt":"2019-04-19T13:00:12","guid":{"rendered":"https:\/\/blogs.correiobraziliense.com.br\/lianasabo\/?p=3133"},"modified":"2019-04-20T13:38:17","modified_gmt":"2019-04-20T16:38:17","slug":"veja-o-que-vira-para-a-asa-norte-e-o-lago-norte","status":"publish","type":"post","link":"https:\/\/blogs.correiobraziliense.com.br\/lianasabo\/veja-o-que-vira-para-a-asa-norte-e-o-lago-norte\/","title":{"rendered":"Veja as novidades gastron\u00f4micas que est\u00e3o para chegar \u00e0 Asa Norte e ao Lago Norte"},"content":{"rendered":"<ol>\n<li style=\"font-weight: 400\"><span style=\"font-weight: 400\">Inaugura em 7 de maio, na 214 Norte, Bloco D, a segunda opera\u00e7\u00e3o da Ravioli &amp; Cia, nascida h\u00e1 sete meses no Sudoeste com produ\u00e7\u00e3o de massas frescas, molhos sem congelamento e diversos produtos gourmetizados, especialmente garimpados pelas s\u00f3cias Indianara Weisheimer e Daiana Paes. Elas entregaram a execu\u00e7\u00e3o das del\u00edcias para o chef Andr\u00e9 Amorim, que acrescentou novos sabores ao card\u00e1pio. Funcionar\u00e1 todos os dias, inclusive domingo, no hor\u00e1rio das 9 \u00e0s 15h.\n<p><\/span><\/li>\n<li style=\"font-weight: 400\">Um bonito pergolado verde na entrada do Bloco C da 115 Norte, pertencente a The Vintage ser\u00e1 muito bem aproveitado pela nova grife Bart\u00f4, que ocupar\u00e1 a loja 41 servindo card\u00e1pio reduzido com grande variedade de vinhos, uma vez que a loja-m\u00e3e Bartolomeu possui uma das melhores adegas da cidade. \u201cA ideia \u00e9 inaugurarmos em julho\u201d, diz o propriet\u00e1rio Jo\u00e3o Paulo Ara\u00fajo, que j\u00e1 expandiu a marca para o Lago Sul, na QI 11, onde se chama Bart\u00f4 Express.<\/li>\n<li>\u00a0Desde que fincou os p\u00e9s no P\u00e1tio Brasil, em 2015, a grife paranaense Madero, fundada por J\u00fanior Durski, n\u00e3o para de crescer. Preferencialmente instalada em shoppings abriu a segunda loja no ano seguinte no ID, chegou \u00e0 \u00c1guas Claras em forma de cont\u00eainer e estreou no ParkShopping h\u00e1 dois anos. Agora, a marca famosa de hamb\u00fargueres replica no Shopping Iguatemi, em espa\u00e7o ainda a ser definido. A inaugura\u00e7\u00e3o, por\u00e9m, est\u00e1 prevista para outubro, diz o diretor-regional Junior Carrilho.<\/li>\n<\/ol>\n","protected":false},"excerpt":{"rendered":"<p>Inaugura em 7 de maio, na 214 Norte, Bloco D, a segunda opera\u00e7\u00e3o da Ravioli &amp; Cia, nascida h\u00e1 sete meses no Sudoeste com produ\u00e7\u00e3o de massas frescas, molhos sem congelamento e diversos produtos gourmetizados, especialmente garimpados pelas s\u00f3cias Indianara Weisheimer e Daiana Paes. Elas entregaram a execu\u00e7\u00e3o das del\u00edcias para o chef Andr\u00e9 Amorim, que acrescentou novos sabores ao [&hellip;]<\/p>\n","protected":false},"author":54,"featured_media":3135,"comment_status":"open","ping_status":"open","sticky":false,"template":"","format":"standard","meta":{"footnotes":""},"categories":[1],"tags":[],"class_list":["post-3133","post","type-post","status-publish","format-standard","has-post-thumbnail","hentry","category-sem-categoria"],"_links":{"self":[{"href":"https:\/\/blogs.correiobraziliense.com.br\/lianasabo\/wp-json\/wp\/v2\/posts\/3133","targetHints":{"allow":["GET"]}}],"collection":[{"href":"https:\/\/blogs.correiobraziliense.com.br\/lianasabo\/wp-json\/wp\/v2\/posts"}],"about":[{"href":"https:\/\/blogs.correiobraziliense.com.br\/lianasabo\/wp-json\/wp\/v2\/types\/post"}],"author":[{"embeddable":true,"href":"https:\/\/blogs.correiobraziliense.com.br\/lianasabo\/wp-json\/wp\/v2\/users\/54"}],"replies":[{"embeddable":true,"href":"https:\/\/blogs.correiobraziliense.com.br\/lianasabo\/wp-json\/wp\/v2\/comments?post=3133"}],"version-history":[{"count":6,"href":"https:\/\/blogs.correiobraziliense.com.br\/lianasabo\/wp-json\/wp\/v2\/posts\/3133\/revisions"}],"predecessor-version":[{"id":3145,"href":"https:\/\/blogs.correiobraziliense.com.br\/lianasabo\/wp-json\/wp\/v2\/posts\/3133\/revisions\/3145"}],"wp:featuredmedia":[{"embeddable":true,"href":"https:\/\/blogs.correiobraziliense.com.br\/lianasabo\/wp-json\/wp\/v2\/media\/3135"}],"wp:attachment":[{"href":"https:\/\/blogs.correiobraziliense.com.br\/lianasabo\/wp-json\/wp\/v2\/media?parent=3133"}],"wp:term":[{"taxonomy":"category","embeddable":true,"href":"https:\/\/blogs.correiobraziliense.com.br\/lianasabo\/wp-json\/wp\/v2\/categories?post=3133"},{"taxonomy":"post_tag","embeddable":true,"href":"https:\/\/blogs.correiobraziliense.com.br\/lianasabo\/wp-json\/wp\/v2\/tags?post=3133"}],"curies":[{"name":"wp","href":"https:\/\/api.w.org\/{rel}","templated":true}]}}