{"id":3092,"date":"2019-04-08T08:00:27","date_gmt":"2019-04-08T11:00:27","guid":{"rendered":"https:\/\/blogs.correiobraziliense.com.br\/lianasabo\/?p=3092"},"modified":"2019-04-07T17:40:31","modified_gmt":"2019-04-07T20:40:31","slug":"nao-perca-a-chance-de-aprender-a-cozinhar-com-o-chef-francisco-ansiliero","status":"publish","type":"post","link":"https:\/\/blogs.correiobraziliense.com.br\/lianasabo\/nao-perca-a-chance-de-aprender-a-cozinhar-com-o-chef-francisco-ansiliero\/","title":{"rendered":"N\u00e3o perca a chance de aprender a cozinhar com o chef Francisco Ansiliero"},"content":{"rendered":"<p>&nbsp;<\/p>\n<p>Come\u00e7ou segunda-feira passada, mas ainda tem vaga no curso <i>Cozinhando com Francisco. <\/i>Trata-se de um curso pr\u00e1tico com o grande mestre da cidade Francisco Ansiliero, que ensina t\u00e9cnicas e alguns segredinhos da arte culin\u00e1ria. Ao final de cada aula \u2013 sempre \u00e0s segundas \u2013 os alunos se re\u00fanem em uma grande mesa para degustar o que prepararam. Nesse jantar, o mestre ent\u00e3o d\u00e1 dicas sobre harmoniza\u00e7\u00e3o de cada prato com o tipo de vinho certo.<\/p>\n<p>Durante a aula, que tem in\u00edcio \u00e0s 19h30 e vai at\u00e9 \u00e0s 23h30, o aluno recebe o material e um avental do chef. Todas as aulas se realizam na cozinha do restaurante Dom Francisco da Asbac. Nesta segunda 8 de abril, ser\u00e3o os pr\u00f3prios alunos que escolher\u00e3o o que quiserem aprender, mas na pr\u00f3xima, dia 14, que antecede o feriado de P\u00e1scoa, o tema ser\u00e1 bacalhau e tambaqui, quando ser\u00e3o ensinados pratos emblem\u00e1ticos da casa tendo como mat\u00e9ria-prima o pescado.<\/p>\n<p>J\u00e1 na segunda 22, ap\u00f3s o anivers\u00e1rio de Bras\u00edlia, o chef vai ensinar \u201ca comida de tacho que era muito apreciada em ocasi\u00f5es especiais, como anivers\u00e1rios e batizados\u201d, relembra Francisco. E, por fim, na \u00faltima aula, os alunos ter\u00e3o a oportunidade, mais uma vez, de escolherem o que desejam aprender numa vasta oferta que vai do cordeiro a galinha d`angola, passando por pato e ganso. Telefones: 3224-8429 e 3226-2005.<\/p>\n","protected":false},"excerpt":{"rendered":"<p>&nbsp; Come\u00e7ou segunda-feira passada, mas ainda tem vaga no curso Cozinhando com Francisco. Trata-se de um curso pr\u00e1tico com o grande mestre da cidade Francisco Ansiliero, que ensina t\u00e9cnicas e alguns segredinhos da arte culin\u00e1ria. Ao final de cada aula \u2013 sempre \u00e0s segundas \u2013 os alunos se re\u00fanem em uma grande mesa para degustar o que prepararam. Nesse jantar, [&hellip;]<\/p>\n","protected":false},"author":54,"featured_media":3094,"comment_status":"open","ping_status":"open","sticky":false,"template":"","format":"standard","meta":{"footnotes":""},"categories":[1],"tags":[],"class_list":["post-3092","post","type-post","status-publish","format-standard","has-post-thumbnail","hentry","category-sem-categoria"],"_links":{"self":[{"href":"https:\/\/blogs.correiobraziliense.com.br\/lianasabo\/wp-json\/wp\/v2\/posts\/3092","targetHints":{"allow":["GET"]}}],"collection":[{"href":"https:\/\/blogs.correiobraziliense.com.br\/lianasabo\/wp-json\/wp\/v2\/posts"}],"about":[{"href":"https:\/\/blogs.correiobraziliense.com.br\/lianasabo\/wp-json\/wp\/v2\/types\/post"}],"author":[{"embeddable":true,"href":"https:\/\/blogs.correiobraziliense.com.br\/lianasabo\/wp-json\/wp\/v2\/users\/54"}],"replies":[{"embeddable":true,"href":"https:\/\/blogs.correiobraziliense.com.br\/lianasabo\/wp-json\/wp\/v2\/comments?post=3092"}],"version-history":[{"count":1,"href":"https:\/\/blogs.correiobraziliense.com.br\/lianasabo\/wp-json\/wp\/v2\/posts\/3092\/revisions"}],"predecessor-version":[{"id":3093,"href":"https:\/\/blogs.correiobraziliense.com.br\/lianasabo\/wp-json\/wp\/v2\/posts\/3092\/revisions\/3093"}],"wp:featuredmedia":[{"embeddable":true,"href":"https:\/\/blogs.correiobraziliense.com.br\/lianasabo\/wp-json\/wp\/v2\/media\/3094"}],"wp:attachment":[{"href":"https:\/\/blogs.correiobraziliense.com.br\/lianasabo\/wp-json\/wp\/v2\/media?parent=3092"}],"wp:term":[{"taxonomy":"category","embeddable":true,"href":"https:\/\/blogs.correiobraziliense.com.br\/lianasabo\/wp-json\/wp\/v2\/categories?post=3092"},{"taxonomy":"post_tag","embeddable":true,"href":"https:\/\/blogs.correiobraziliense.com.br\/lianasabo\/wp-json\/wp\/v2\/tags?post=3092"}],"curies":[{"name":"wp","href":"https:\/\/api.w.org\/{rel}","templated":true}]}}