{"id":3086,"date":"2019-04-05T11:30:07","date_gmt":"2019-04-05T14:30:07","guid":{"rendered":"https:\/\/blogs.correiobraziliense.com.br\/lianasabo\/?p=3086"},"modified":"2019-04-04T18:48:07","modified_gmt":"2019-04-04T21:48:07","slug":"experimente-a-colomba-pascal-na-belini","status":"publish","type":"post","link":"https:\/\/blogs.correiobraziliense.com.br\/lianasabo\/experimente-a-colomba-pascal-na-belini\/","title":{"rendered":"Experimente a colomba pascal na Belini"},"content":{"rendered":"<p><span style=\"font-weight: 400\">Conta a hist\u00f3ria que foi\u00a0 um rei italiano, chamado Lombardo Alboino, ao optar por encerrar uma guerra ap\u00f3s receber de um padeiro um doce em formato de pomba, ter inaugurado o uso desse p\u00e3o como s\u00edmbolo de pacifica\u00e7\u00e3o. A pomba de fermento e farinha foi relacionada \u00e0 P\u00e1scoa, uma \u00e9poca de perd\u00e3o, de recome\u00e7os e de paz em fun\u00e7\u00e3o do renascimento de Cristo.<\/span><\/p>\n<p>&nbsp;<\/p>\n<p><span style=\"font-weight: 400\">Feita de uma massa aerada,\u00a0 colomba pascal pode ter em seu recheio algumas frutas secas ou cremes. Na Belini (113 Sul), voc\u00ea encontra a iguaria em tr\u00eas sabores: com frutas por R$ 33,90; com am\u00eandoas, por R$ 33,99, e com chocolate, por R$ 35,90. Na It\u00e1lia, costuma ser servida tradicionalmente no caf\u00e9 da manh\u00e3 do Domingo de P\u00e1scoa, mas ela acompanha bem uma sobremesa e o ch\u00e1 da tarde. Encomendas pelo telefone: 3345-0777.<\/span><\/p>\n","protected":false},"excerpt":{"rendered":"<p>Conta a hist\u00f3ria que foi\u00a0 um rei italiano, chamado Lombardo Alboino, ao optar por encerrar uma guerra ap\u00f3s receber de um padeiro um doce em formato de pomba, ter inaugurado o uso desse p\u00e3o como s\u00edmbolo de pacifica\u00e7\u00e3o. A pomba de fermento e farinha foi relacionada \u00e0 P\u00e1scoa, uma \u00e9poca de perd\u00e3o, de recome\u00e7os e de paz em fun\u00e7\u00e3o do [&hellip;]<\/p>\n","protected":false},"author":54,"featured_media":3089,"comment_status":"open","ping_status":"open","sticky":false,"template":"","format":"standard","meta":{"footnotes":""},"categories":[1],"tags":[],"class_list":["post-3086","post","type-post","status-publish","format-standard","has-post-thumbnail","hentry","category-sem-categoria"],"_links":{"self":[{"href":"https:\/\/blogs.correiobraziliense.com.br\/lianasabo\/wp-json\/wp\/v2\/posts\/3086","targetHints":{"allow":["GET"]}}],"collection":[{"href":"https:\/\/blogs.correiobraziliense.com.br\/lianasabo\/wp-json\/wp\/v2\/posts"}],"about":[{"href":"https:\/\/blogs.correiobraziliense.com.br\/lianasabo\/wp-json\/wp\/v2\/types\/post"}],"author":[{"embeddable":true,"href":"https:\/\/blogs.correiobraziliense.com.br\/lianasabo\/wp-json\/wp\/v2\/users\/54"}],"replies":[{"embeddable":true,"href":"https:\/\/blogs.correiobraziliense.com.br\/lianasabo\/wp-json\/wp\/v2\/comments?post=3086"}],"version-history":[{"count":3,"href":"https:\/\/blogs.correiobraziliense.com.br\/lianasabo\/wp-json\/wp\/v2\/posts\/3086\/revisions"}],"predecessor-version":[{"id":3090,"href":"https:\/\/blogs.correiobraziliense.com.br\/lianasabo\/wp-json\/wp\/v2\/posts\/3086\/revisions\/3090"}],"wp:featuredmedia":[{"embeddable":true,"href":"https:\/\/blogs.correiobraziliense.com.br\/lianasabo\/wp-json\/wp\/v2\/media\/3089"}],"wp:attachment":[{"href":"https:\/\/blogs.correiobraziliense.com.br\/lianasabo\/wp-json\/wp\/v2\/media?parent=3086"}],"wp:term":[{"taxonomy":"category","embeddable":true,"href":"https:\/\/blogs.correiobraziliense.com.br\/lianasabo\/wp-json\/wp\/v2\/categories?post=3086"},{"taxonomy":"post_tag","embeddable":true,"href":"https:\/\/blogs.correiobraziliense.com.br\/lianasabo\/wp-json\/wp\/v2\/tags?post=3086"}],"curies":[{"name":"wp","href":"https:\/\/api.w.org\/{rel}","templated":true}]}}