{"id":3083,"date":"2019-04-05T11:00:12","date_gmt":"2019-04-05T14:00:12","guid":{"rendered":"https:\/\/blogs.correiobraziliense.com.br\/lianasabo\/?p=3083"},"modified":"2019-04-04T18:33:37","modified_gmt":"2019-04-04T21:33:37","slug":"veja-onde-tem-delicias-de-pascoa-sem-gluten-e-sem-leite","status":"publish","type":"post","link":"https:\/\/blogs.correiobraziliense.com.br\/lianasabo\/veja-onde-tem-delicias-de-pascoa-sem-gluten-e-sem-leite\/","title":{"rendered":"Veja onde t\u00eam del\u00edcias de P\u00e1scoa sem gl\u00faten e sem leite"},"content":{"rendered":"<p>&nbsp;<\/p>\n<p>&nbsp;<\/p>\n<p><span style=\"font-weight: 400\">Desde que inaugurou, quatro anos atr\u00e1s, uma grife alternativa, a chef Inai\u00e1 Sant\u2019Ana nunca mais deixou o consumidor brasiliense com restri\u00e7\u00f5es alimentares sem op\u00e7\u00e3o nas \u00e9pocas de festa. Pelo contr\u00e1rio, Quitutices, que acaba de se mudar para um espa\u00e7o maior na 315 Sul, Bloco A, oferece um mundo de sabores de P\u00e1scoa confeccionados sem gl\u00faten e leite animal.<\/span><\/p>\n<p>&nbsp;<\/p>\n<p><span style=\"font-weight: 400\">O card\u00e1pio inclui ovos de corte e fechados, miniovinhos, pirulitos de chocolate, bolo mousse e sobremesas, como pudim, pav\u00ea e torta brownie. Destaque para os ovos com recheio que podem ser cortados em fatias, como o Nh\u00e1 Benta, feito com chocolate preto e ganache com marshmallow. Outra novidade \u00e9 o ovo de Pa\u00e7oca e recheio de creme de baunilha.<\/span><\/p>\n<p>&nbsp;<\/p>\n<p><span style=\"font-weight: 400\">Entre os cl\u00e1ssicos, h\u00e1 os ovos de mousse de chocolate preto e ganache; Floresta Negra de chocolate preto com recheio de merengue e cerejas e o Banoffee preparado com chocolate preto recheado com biscoito champagne , creme de caramelo, banana e merengue.<\/span><\/p>\n<p>&nbsp;<\/p>\n<p><span style=\"font-weight: 400\">Todos eles saem a R$ 45, a unidade de 150g; e a R$ 66, a de 250g. O ovo fechado vem com cinco miniovinhos sortidos, e sai a R$ 39,80, com 250g. Encomendas podem ser feitas at\u00e9 o dia 13 pelo telefone 3543-5057.<\/span><\/p>\n<p>&nbsp;<\/p>\n","protected":false},"excerpt":{"rendered":"<p>&nbsp; &nbsp; Desde que inaugurou, quatro anos atr\u00e1s, uma grife alternativa, a chef Inai\u00e1 Sant\u2019Ana nunca mais deixou o consumidor brasiliense com restri\u00e7\u00f5es alimentares sem op\u00e7\u00e3o nas \u00e9pocas de festa. Pelo contr\u00e1rio, Quitutices, que acaba de se mudar para um espa\u00e7o maior na 315 Sul, Bloco A, oferece um mundo de sabores de P\u00e1scoa confeccionados sem gl\u00faten e leite animal. [&hellip;]<\/p>\n","protected":false},"author":54,"featured_media":3084,"comment_status":"open","ping_status":"open","sticky":false,"template":"","format":"standard","meta":{"footnotes":""},"categories":[1],"tags":[],"class_list":["post-3083","post","type-post","status-publish","format-standard","has-post-thumbnail","hentry","category-sem-categoria"],"_links":{"self":[{"href":"https:\/\/blogs.correiobraziliense.com.br\/lianasabo\/wp-json\/wp\/v2\/posts\/3083","targetHints":{"allow":["GET"]}}],"collection":[{"href":"https:\/\/blogs.correiobraziliense.com.br\/lianasabo\/wp-json\/wp\/v2\/posts"}],"about":[{"href":"https:\/\/blogs.correiobraziliense.com.br\/lianasabo\/wp-json\/wp\/v2\/types\/post"}],"author":[{"embeddable":true,"href":"https:\/\/blogs.correiobraziliense.com.br\/lianasabo\/wp-json\/wp\/v2\/users\/54"}],"replies":[{"embeddable":true,"href":"https:\/\/blogs.correiobraziliense.com.br\/lianasabo\/wp-json\/wp\/v2\/comments?post=3083"}],"version-history":[{"count":1,"href":"https:\/\/blogs.correiobraziliense.com.br\/lianasabo\/wp-json\/wp\/v2\/posts\/3083\/revisions"}],"predecessor-version":[{"id":3085,"href":"https:\/\/blogs.correiobraziliense.com.br\/lianasabo\/wp-json\/wp\/v2\/posts\/3083\/revisions\/3085"}],"wp:featuredmedia":[{"embeddable":true,"href":"https:\/\/blogs.correiobraziliense.com.br\/lianasabo\/wp-json\/wp\/v2\/media\/3084"}],"wp:attachment":[{"href":"https:\/\/blogs.correiobraziliense.com.br\/lianasabo\/wp-json\/wp\/v2\/media?parent=3083"}],"wp:term":[{"taxonomy":"category","embeddable":true,"href":"https:\/\/blogs.correiobraziliense.com.br\/lianasabo\/wp-json\/wp\/v2\/categories?post=3083"},{"taxonomy":"post_tag","embeddable":true,"href":"https:\/\/blogs.correiobraziliense.com.br\/lianasabo\/wp-json\/wp\/v2\/tags?post=3083"}],"curies":[{"name":"wp","href":"https:\/\/api.w.org\/{rel}","templated":true}]}}