{"id":3037,"date":"2019-03-22T11:00:22","date_gmt":"2019-03-22T14:00:22","guid":{"rendered":"https:\/\/blogs.correiobraziliense.com.br\/lianasabo\/?p=3037"},"modified":"2019-03-21T17:39:02","modified_gmt":"2019-03-21T20:39:02","slug":"veja-aqui-11-novos-enderecos-para-curtir-na-cidade","status":"publish","type":"post","link":"https:\/\/blogs.correiobraziliense.com.br\/lianasabo\/veja-aqui-11-novos-enderecos-para-curtir-na-cidade\/","title":{"rendered":"Veja aqui 11 novos endere\u00e7os para curtir na cidade"},"content":{"rendered":"<p>&nbsp;<\/p>\n<p>&nbsp;<\/p>\n<p><span style=\"font-weight: 400\">O ano de 2019 mal come\u00e7ou e j\u00e1 d\u00e1 sinais de que a gastronomia continuar\u00e1 em alta nos pr\u00f3ximos meses. S\u00f3 nos \u00faltimos 10 dias, \u00a0cinco estabelecimentos abriram as portas no Plano Piloto, tr\u00eas se preparam para funcionar at\u00e9 o fim do m\u00eas, um finaliza a segunda loja em abril e mais dois abrir\u00e3o at\u00e9 julho no Boulevard Shopping. A vitalidade do circuito gourmet desperta o interesse do consumidor, por isso o blog enumera as onze novidades para voc\u00ea. Confira:<\/span><\/p>\n<p>&nbsp;<\/p>\n<ul>\n<li style=\"font-weight: 400\"><span style=\"font-weight: 400\">Same Same, de culin\u00e1ria asi\u00e1tica, abriu ter\u00e7a na 711 Norte, bloco E, lj 59<\/span><\/li>\n<\/ul>\n<p>&nbsp;<\/p>\n<ul>\n<li style=\"font-weight: 400\"><span style=\"font-weight: 400\">Roji Restaurante oferece refinado card\u00e1pio japon\u00eas desde a \u00faltima sexta-feira no bloco B da 408 Sul<\/span><\/li>\n<\/ul>\n<p>&nbsp;<\/p>\n<ul>\n<li style=\"font-weight: 400\"><span style=\"font-weight: 400\">Primus Boutique de Carnes inaugurou quarta-feira menu de grelhados na parrilla no bloco D da 409 Sul<\/span><\/li>\n<\/ul>\n<p>&nbsp;<\/p>\n<ul>\n<li style=\"font-weight: 400\"><span style=\"font-weight: 400\">Rinc\u00f3n Ib\u00e9rico substitui o Jam\u00f3n Jam\u00f3n no bloco D virado para o interior da 109 Norte<\/span><\/li>\n<\/ul>\n<p>&nbsp;<\/p>\n<ul>\n<li style=\"font-weight: 400\"><span style=\"font-weight: 400\">Bullguer instala primeira loja com a logomarca no p\u00e3o, segunda-feira no bloco C da 410 Sul<\/span><\/li>\n<\/ul>\n<p>&nbsp;<\/p>\n<ul>\n<li style=\"font-weight: 400\"><span style=\"font-weight: 400\">Casa Doce confeitaria tradicional servir\u00e1 jantar em novo espa\u00e7o no Bloco D da 112 Sul<\/span><\/li>\n<\/ul>\n<p>&nbsp;<\/p>\n<ul>\n<li style=\"font-weight: 400\"><span style=\"font-weight: 400\">Ateli\u00ea da Cozinha vai abrir escola de culin\u00e1ria em \u00c1guas Claras, ao lado do Taguatinga Shopping<\/span><\/li>\n<\/ul>\n<p>&nbsp;<\/p>\n<ul>\n<li style=\"font-weight: 400\"><span style=\"font-weight: 400\">Cast\u00e1lia levar\u00e1 em meados de abril p\u00e3es artesanais para a 104 Sul, bloco B, onde funcionou Torteria di Lorenza.<\/span><\/li>\n<\/ul>\n<p>&nbsp;<\/p>\n<ul>\n<li style=\"font-weight: 400\"><span style=\"font-weight: 400\">Mania de Churrasco, franquia paulista, e Rubinho Express, de \u00c1guas Claras, abrem at\u00e9 julho no Boulevard Shopping, onde inaugurou s\u00e1bado o Saj.<\/span><\/li>\n<\/ul>\n<p>&nbsp;<\/p>\n","protected":false},"excerpt":{"rendered":"<p>&nbsp; &nbsp; O ano de 2019 mal come\u00e7ou e j\u00e1 d\u00e1 sinais de que a gastronomia continuar\u00e1 em alta nos pr\u00f3ximos meses. S\u00f3 nos \u00faltimos 10 dias, \u00a0cinco estabelecimentos abriram as portas no Plano Piloto, tr\u00eas se preparam para funcionar at\u00e9 o fim do m\u00eas, um finaliza a segunda loja em abril e mais dois abrir\u00e3o at\u00e9 julho no Boulevard [&hellip;]<\/p>\n","protected":false},"author":54,"featured_media":3038,"comment_status":"open","ping_status":"open","sticky":false,"template":"","format":"standard","meta":{"footnotes":""},"categories":[1],"tags":[],"class_list":["post-3037","post","type-post","status-publish","format-standard","has-post-thumbnail","hentry","category-sem-categoria"],"_links":{"self":[{"href":"https:\/\/blogs.correiobraziliense.com.br\/lianasabo\/wp-json\/wp\/v2\/posts\/3037","targetHints":{"allow":["GET"]}}],"collection":[{"href":"https:\/\/blogs.correiobraziliense.com.br\/lianasabo\/wp-json\/wp\/v2\/posts"}],"about":[{"href":"https:\/\/blogs.correiobraziliense.com.br\/lianasabo\/wp-json\/wp\/v2\/types\/post"}],"author":[{"embeddable":true,"href":"https:\/\/blogs.correiobraziliense.com.br\/lianasabo\/wp-json\/wp\/v2\/users\/54"}],"replies":[{"embeddable":true,"href":"https:\/\/blogs.correiobraziliense.com.br\/lianasabo\/wp-json\/wp\/v2\/comments?post=3037"}],"version-history":[{"count":1,"href":"https:\/\/blogs.correiobraziliense.com.br\/lianasabo\/wp-json\/wp\/v2\/posts\/3037\/revisions"}],"predecessor-version":[{"id":3039,"href":"https:\/\/blogs.correiobraziliense.com.br\/lianasabo\/wp-json\/wp\/v2\/posts\/3037\/revisions\/3039"}],"wp:featuredmedia":[{"embeddable":true,"href":"https:\/\/blogs.correiobraziliense.com.br\/lianasabo\/wp-json\/wp\/v2\/media\/3038"}],"wp:attachment":[{"href":"https:\/\/blogs.correiobraziliense.com.br\/lianasabo\/wp-json\/wp\/v2\/media?parent=3037"}],"wp:term":[{"taxonomy":"category","embeddable":true,"href":"https:\/\/blogs.correiobraziliense.com.br\/lianasabo\/wp-json\/wp\/v2\/categories?post=3037"},{"taxonomy":"post_tag","embeddable":true,"href":"https:\/\/blogs.correiobraziliense.com.br\/lianasabo\/wp-json\/wp\/v2\/tags?post=3037"}],"curies":[{"name":"wp","href":"https:\/\/api.w.org\/{rel}","templated":true}]}}