{"id":3025,"date":"2019-03-22T08:00:33","date_gmt":"2019-03-22T11:00:33","guid":{"rendered":"https:\/\/blogs.correiobraziliense.com.br\/lianasabo\/?p=3025"},"modified":"2019-03-21T16:53:19","modified_gmt":"2019-03-21T19:53:19","slug":"casa-doce-triplica-espaco-em-nova-loja-de-esquina-na-112-sul","status":"publish","type":"post","link":"https:\/\/blogs.correiobraziliense.com.br\/lianasabo\/casa-doce-triplica-espaco-em-nova-loja-de-esquina-na-112-sul\/","title":{"rendered":"Casa Doce triplica espa\u00e7o em nova loja de esquina na 112 Sul"},"content":{"rendered":"<h3><\/h3>\n<p>&nbsp;<\/p>\n<p><span style=\"font-weight: 400\">Est\u00e1 prevista para os pr\u00f3ximos dias a inaugura\u00e7\u00e3o da Casa Doce ampliada em luxuosas instala\u00e7\u00f5es que abrigar\u00e3o, al\u00e9m do caf\u00e9 e da confeitaria, um bistr\u00f4 com 60 lugares no primeiro andar, onde ser\u00e3o servidos almo\u00e7o e jantar, segundo card\u00e1pio enxuto, mas com op\u00e7\u00f5es para todos os gostos. A expans\u00e3o da conhecida confeitaria brasiliense n\u00e3o fica longe: ocupa na mesma quadra 112 Sul a esquina do bloco D, uma \u00e1rea constru\u00edda de mil metros quadrados em meio a um jardim.<\/span><\/p>\n<p>&nbsp;<\/p>\n<p><span style=\"font-weight: 400\">A transfer\u00eancia para o espa\u00e7o tr\u00eas vezes maior \u00e9 o coroamento de um trabalho que come\u00e7ou h\u00e1 25 anos, quando Angela Tonon, filha de um confeiteiro em Bauru (SP), veio a Bras\u00edlia casada com um militar e passou a fazer bolos na cozinha do apartamento funcional. Ela tamb\u00e9m dava aulas de educa\u00e7\u00e3o art\u00edstica e artes pl\u00e1sticas. \u201cQuando as encomendas aumentaram, a cozinha ficou pequena, da\u00ed, alugamos uma sobreloja no bloco A da 112 Sul\u201d, lembra Angela, que ficou l\u00e1 por sete anos.<\/span><\/p>\n<p>&nbsp;<\/p>\n<h3><b>Op\u00e7\u00e3o vegana<\/b><\/h3>\n<p>&nbsp;<\/p>\n<p><span style=\"font-weight: 400\">Em 2012, com a fam\u00edlia quase toda envolvida no neg\u00f3cio \u2014 s\u00f3 as duas filhas preferiram carreira solo \u2014, Angela expandiu a loja, que ficou em formato de L (duas embaixo e uma sobreloja). D\u00e1rcio Barbado, o marido, cuidou da administra\u00e7\u00e3o, enquanto os filhos George, da ger\u00eancia, e Fabricio, do forno, ao lado da m\u00e3e, depois de demonstrar pendores que o levaram a cursar gastronomia no Iesb.<\/span><\/p>\n<p>&nbsp;<\/p>\n<p><span style=\"font-weight: 400\">Al\u00e9m da sorveteria, Fabricio tomar\u00e1 conta do bistr\u00f4, cuja cozinha continuar\u00e1 sendo chefiada por Camila Di\u00f3genes, que vem do endere\u00e7o anterior, onde j\u00e1 havia almo\u00e7o. Agora, a novidade do executivo ser\u00e1 \u201cuma op\u00e7\u00e3o vegana que vamos lan\u00e7ar futuramente\u201d, diz o respons\u00e1vel pelo bistr\u00f4. Com pre\u00e7os que variam entre R$ 35 a R$ 50, o menu do dia oferecer\u00e1 picadinho, parmegiana, feijoada, frango grelhado com batata doce numa vers\u00e3o fit, entre outros pratos.<\/span><\/p>\n<p>&nbsp;<\/p>\n<h3><b>Bolo de abacaxi <\/b><\/h3>\n<figure id=\"attachment_3027\" aria-describedby=\"caption-attachment-3027\" style=\"width: 200px\" class=\"wp-caption alignnone\"><a href=\"https:\/\/blogs.correiobraziliense.com.br\/lianasabo\/wp-content\/uploads\/sites\/25\/2019\/03\/CBNFOT190320190867.jpg\"><img loading=\"lazy\" decoding=\"async\" class=\"size-medium wp-image-3027\" src=\"https:\/\/blogs.correiobraziliense.com.br\/lianasabo\/wp-content\/uploads\/sites\/25\/2019\/03\/CBNFOT190320190867-200x300.jpg\" alt=\"\" width=\"200\" height=\"300\" srcset=\"https:\/\/blogs.correiobraziliense.com.br\/lianasabo\/wp-content\/uploads\/sites\/25\/2019\/03\/CBNFOT190320190867-200x300.jpg 200w, https:\/\/blogs.correiobraziliense.com.br\/lianasabo\/wp-content\/uploads\/sites\/25\/2019\/03\/CBNFOT190320190867-768x1151.jpg 768w, https:\/\/blogs.correiobraziliense.com.br\/lianasabo\/wp-content\/uploads\/sites\/25\/2019\/03\/CBNFOT190320190867-683x1024.jpg 683w, https:\/\/blogs.correiobraziliense.com.br\/lianasabo\/wp-content\/uploads\/sites\/25\/2019\/03\/CBNFOT190320190867-550x824.jpg 550w, https:\/\/blogs.correiobraziliense.com.br\/lianasabo\/wp-content\/uploads\/sites\/25\/2019\/03\/CBNFOT190320190867-230x345.jpg 230w, https:\/\/blogs.correiobraziliense.com.br\/lianasabo\/wp-content\/uploads\/sites\/25\/2019\/03\/CBNFOT190320190867.jpg 800w\" sizes=\"auto, (max-width: 200px) 100vw, 200px\" \/><\/a><figcaption id=\"caption-attachment-3027\" class=\"wp-caption-text\">Cr\u00e9dito: Casa doce\/Divulga\u00e7\u00e3o. Bolo de abacaxi segundo receita herdada do confeiteiro Tonon de Bauru<\/figcaption><\/figure>\n<p><span style=\"font-weight: 400\">J\u00e1 o jantar ter\u00e1 menu mais elaborado, como medalh\u00e3o de fil\u00e9-mignon em crosta de panko com am\u00eandoas ao molho demi-glace (R$ 79); carr\u00e9 de cordeiro ao romero com musseline de batata-baroa e aspargos grelhados (R$ 82); saltimbocca de fil\u00e9 su\u00edno com vagens salteadas com tomate- cereja ao vinho branco (R$ 72) e ainda paella \u00e0 marinera que leva lagostim, camar\u00e3o, robalo e lula oferecida \u00e0s sextas-feiras. O servi\u00e7o do vinho ser\u00e1 feito pelo sommelier Fl\u00e1vio Ferreira (ex-Le Jardin) com base em carta, toda ela fornecida pela Videira Vinhos.<\/span><\/p>\n<p>&nbsp;<\/p>\n<p><span style=\"font-weight: 400\">O que n\u00e3o poder\u00e1 faltar nunca \u00e9 o bolo de abacaxi, entrega Angela. A iguaria, feita com a fruta fresca e p\u00e3o de l\u00f3, segundo uma receita do confeiteiro Antonio Tonon, tem sido a mais pedida ao longo dos anos. Outro must \u00e9 o de morango, brigadeiro, chocolate e brigadeiro branco chamado bolo 4 amores. Tamb\u00e9m n\u00e3o ficar\u00e3o fora das vitrines os cl\u00e1ssicos, como quindim, mil-folhas com creme de baunilha e chantilly ou a bomba. Caf\u00e9 Fontenelle acompanha bem qualquer pedida. Telefone: 3445-2807.<\/span><\/p>\n<p>&nbsp;<\/p>\n<p>&nbsp;<\/p>\n<figure id=\"attachment_3028\" aria-describedby=\"caption-attachment-3028\" style=\"width: 200px\" class=\"wp-caption alignnone\"><a href=\"https:\/\/blogs.correiobraziliense.com.br\/lianasabo\/wp-content\/uploads\/sites\/25\/2019\/03\/CBNFOT190320190868.jpg\"><img loading=\"lazy\" decoding=\"async\" class=\"size-medium wp-image-3028\" src=\"https:\/\/blogs.correiobraziliense.com.br\/lianasabo\/wp-content\/uploads\/sites\/25\/2019\/03\/CBNFOT190320190868-200x300.jpg\" alt=\"\" width=\"200\" height=\"300\" srcset=\"https:\/\/blogs.correiobraziliense.com.br\/lianasabo\/wp-content\/uploads\/sites\/25\/2019\/03\/CBNFOT190320190868-200x300.jpg 200w, https:\/\/blogs.correiobraziliense.com.br\/lianasabo\/wp-content\/uploads\/sites\/25\/2019\/03\/CBNFOT190320190868-768x1152.jpg 768w, https:\/\/blogs.correiobraziliense.com.br\/lianasabo\/wp-content\/uploads\/sites\/25\/2019\/03\/CBNFOT190320190868-683x1024.jpg 683w, https:\/\/blogs.correiobraziliense.com.br\/lianasabo\/wp-content\/uploads\/sites\/25\/2019\/03\/CBNFOT190320190868-550x825.jpg 550w, https:\/\/blogs.correiobraziliense.com.br\/lianasabo\/wp-content\/uploads\/sites\/25\/2019\/03\/CBNFOT190320190868-230x345.jpg 230w, https:\/\/blogs.correiobraziliense.com.br\/lianasabo\/wp-content\/uploads\/sites\/25\/2019\/03\/CBNFOT190320190868.jpg 800w\" sizes=\"auto, (max-width: 200px) 100vw, 200px\" \/><\/a><figcaption id=\"caption-attachment-3028\" class=\"wp-caption-text\">Cr\u00e9dito: Casa Doce\/Divulga\u00e7\u00e3o. Torta de frutas vermelhas<\/figcaption><\/figure>\n","protected":false},"excerpt":{"rendered":"<p>&nbsp; Est\u00e1 prevista para os pr\u00f3ximos dias a inaugura\u00e7\u00e3o da Casa Doce ampliada em luxuosas instala\u00e7\u00f5es que abrigar\u00e3o, al\u00e9m do caf\u00e9 e da confeitaria, um bistr\u00f4 com 60 lugares no primeiro andar, onde ser\u00e3o servidos almo\u00e7o e jantar, segundo card\u00e1pio enxuto, mas com op\u00e7\u00f5es para todos os gostos. A expans\u00e3o da conhecida confeitaria brasiliense n\u00e3o fica longe: ocupa na mesma [&hellip;]<\/p>\n","protected":false},"author":54,"featured_media":3026,"comment_status":"open","ping_status":"open","sticky":false,"template":"","format":"standard","meta":{"footnotes":""},"categories":[1],"tags":[],"class_list":["post-3025","post","type-post","status-publish","format-standard","has-post-thumbnail","hentry","category-sem-categoria"],"_links":{"self":[{"href":"https:\/\/blogs.correiobraziliense.com.br\/lianasabo\/wp-json\/wp\/v2\/posts\/3025","targetHints":{"allow":["GET"]}}],"collection":[{"href":"https:\/\/blogs.correiobraziliense.com.br\/lianasabo\/wp-json\/wp\/v2\/posts"}],"about":[{"href":"https:\/\/blogs.correiobraziliense.com.br\/lianasabo\/wp-json\/wp\/v2\/types\/post"}],"author":[{"embeddable":true,"href":"https:\/\/blogs.correiobraziliense.com.br\/lianasabo\/wp-json\/wp\/v2\/users\/54"}],"replies":[{"embeddable":true,"href":"https:\/\/blogs.correiobraziliense.com.br\/lianasabo\/wp-json\/wp\/v2\/comments?post=3025"}],"version-history":[{"count":1,"href":"https:\/\/blogs.correiobraziliense.com.br\/lianasabo\/wp-json\/wp\/v2\/posts\/3025\/revisions"}],"predecessor-version":[{"id":3029,"href":"https:\/\/blogs.correiobraziliense.com.br\/lianasabo\/wp-json\/wp\/v2\/posts\/3025\/revisions\/3029"}],"wp:featuredmedia":[{"embeddable":true,"href":"https:\/\/blogs.correiobraziliense.com.br\/lianasabo\/wp-json\/wp\/v2\/media\/3026"}],"wp:attachment":[{"href":"https:\/\/blogs.correiobraziliense.com.br\/lianasabo\/wp-json\/wp\/v2\/media?parent=3025"}],"wp:term":[{"taxonomy":"category","embeddable":true,"href":"https:\/\/blogs.correiobraziliense.com.br\/lianasabo\/wp-json\/wp\/v2\/categories?post=3025"},{"taxonomy":"post_tag","embeddable":true,"href":"https:\/\/blogs.correiobraziliense.com.br\/lianasabo\/wp-json\/wp\/v2\/tags?post=3025"}],"curies":[{"name":"wp","href":"https:\/\/api.w.org\/{rel}","templated":true}]}}