{"id":2999,"date":"2019-03-11T08:00:54","date_gmt":"2019-03-11T11:00:54","guid":{"rendered":"https:\/\/blogs.correiobraziliense.com.br\/lianasabo\/?p=2999"},"modified":"2019-03-10T17:09:11","modified_gmt":"2019-03-10T20:09:11","slug":"chefs-marcelo-petrarca-e-cristiano-komiya-cozinham-juntos-no-bloco-c","status":"publish","type":"post","link":"https:\/\/blogs.correiobraziliense.com.br\/lianasabo\/chefs-marcelo-petrarca-e-cristiano-komiya-cozinham-juntos-no-bloco-c\/","title":{"rendered":"Chefs Marcelo Petrarca e Cristiano Komiya cozinham juntos no Bloco C"},"content":{"rendered":"<p>&nbsp;<\/p>\n<p>Dois dos grandes chefs da cidade \u2013 Marcelo Petrarca e Cristiano Komiya \u2013 v\u00e3o cozinhar juntos segunda-feira pela primeira vez. Vizinhos de frente &#8212; um na 211 Sul o outro na 212 &#8211;, desenvolver\u00e3o um menu festivo para comemorar o quarto anivers\u00e1rio do Bloco C, o moderno rest\u00f4 que Petrarca toca com muito esm\u00earo devotado a uma cozinha contempor\u00e2nea com alguns pratos revisitados.<\/p>\n<p>\u201cAl\u00e9m de amigo, Cristiano \u00e9 meu \u00eddolo\u201d, diz Marcelo lembrando que \u201co New Koto viu o Bloco C nascer\u201d. No dia da assinatura do contrato da loja, Petrarca atravessou a rua e foi contar a novidade para o chef Komiya que, imediatamente, abriu uma garrafa de saqu\u00ea para um brinde, \u201cuma esp\u00e9cie de apadrinhamento\u201d. Desde ent\u00e3o, sempre cogitou um dia cozinharem juntos.<\/p>\n<figure id=\"attachment_3001\" aria-describedby=\"caption-attachment-3001\" style=\"width: 169px\" class=\"wp-caption alignnone\"><a href=\"https:\/\/blogs.correiobraziliense.com.br\/lianasabo\/wp-content\/uploads\/sites\/25\/2019\/03\/CBPFOT200220171286.jpg\"><img loading=\"lazy\" decoding=\"async\" class=\"size-medium wp-image-3001\" src=\"https:\/\/blogs.correiobraziliense.com.br\/lianasabo\/wp-content\/uploads\/sites\/25\/2019\/03\/CBPFOT200220171286-169x300.jpg\" alt=\"\" width=\"169\" height=\"300\" srcset=\"https:\/\/blogs.correiobraziliense.com.br\/lianasabo\/wp-content\/uploads\/sites\/25\/2019\/03\/CBPFOT200220171286-169x300.jpg 169w, https:\/\/blogs.correiobraziliense.com.br\/lianasabo\/wp-content\/uploads\/sites\/25\/2019\/03\/CBPFOT200220171286-576x1024.jpg 576w, https:\/\/blogs.correiobraziliense.com.br\/lianasabo\/wp-content\/uploads\/sites\/25\/2019\/03\/CBPFOT200220171286-550x977.jpg 550w, https:\/\/blogs.correiobraziliense.com.br\/lianasabo\/wp-content\/uploads\/sites\/25\/2019\/03\/CBPFOT200220171286-230x409.jpg 230w, https:\/\/blogs.correiobraziliense.com.br\/lianasabo\/wp-content\/uploads\/sites\/25\/2019\/03\/CBPFOT200220171286.jpg 600w\" sizes=\"auto, (max-width: 169px) 100vw, 169px\" \/><\/a><figcaption id=\"caption-attachment-3001\" class=\"wp-caption-text\">Chef Cristiano Komiya divide as facas e ca\u00e7arolas com Petrarca<\/figcaption><\/figure>\n<h3>Treze etapas<\/h3>\n<p>A oportunidade chegou agora quando os dois chefs executam segunda-feira, 11, a partir das 20h30 um menu repleto de sabores incr\u00edveis, entre eles, o black cod, bacalhau negro pescado nas \u00e1guas geladas do oceano Pac\u00edfico. Bastante entremeado pela culin\u00e1ria japonesa, o card\u00e1pio come\u00e7a com niguiri de pargo, ponzu e atum mi cuit e caviar giaveri nas boas vindas.<\/p>\n<p>Uma sequ\u00eancia in\u00e9dita prossegue com sunomomo, polvo, camar\u00e3o, hokkogai; mini caesar, caranguejo e aioli; vieira com shimeji e manteiga; velut\u00ea, moqueca e arroz pipoca; tempur\u00e1 de camar\u00e3o, tortelli recheado de p\u00eara brie, trufa fresca; centolla, pargo, ponzu; lagosta ao thermidor e farofa e por \u00faltimo o black cod. De sobremesa, mochi de frutas vermelhas e lichia com espuma de manga.<\/p>\n<p>\u201cTudo o que sei, aprendi com meu pai\u201d, confessa Cristiano, que nunca fez curso de gastronomia, mas desde menino trabalhou com o mestre Komyia San em diversas cozinhas pelas quais passou o saudoso chef japon\u00eas, dono do mais importante curr\u00edculo da cidade. Depois de trabalhar em T\u00f3quio e Paris, Komiya pai aportou em Bras\u00edlia como chefe de cozinha da embaixada do Jap\u00e3o.<\/p>\n<p>O filho, que herdou a arte paterna, considera Petrarca \u201cmeu professor\u201d, porque ele ensina t\u00e9cnicas usadas na cozinha internacional. \u201cEu acompanhei a obra do Bloco C e vi o sacrif\u00edcio que \u00e9 montar um restaurante dessa qualidade\u201d, salienta Komiya. Longe de serem concorrentes, os dois chefs t\u00eam propostas complementares.<\/p>\n<p>O menu especial sai por R$ 590. Reservas pelo telefone: 3363-3062.<\/p>\n","protected":false},"excerpt":{"rendered":"<p>&nbsp; Dois dos grandes chefs da cidade \u2013 Marcelo Petrarca e Cristiano Komiya \u2013 v\u00e3o cozinhar juntos segunda-feira pela primeira vez. Vizinhos de frente &#8212; um na 211 Sul o outro na 212 &#8211;, desenvolver\u00e3o um menu festivo para comemorar o quarto anivers\u00e1rio do Bloco C, o moderno rest\u00f4 que Petrarca toca com muito esm\u00earo devotado a uma cozinha contempor\u00e2nea [&hellip;]<\/p>\n","protected":false},"author":54,"featured_media":3000,"comment_status":"open","ping_status":"open","sticky":false,"template":"","format":"standard","meta":{"footnotes":""},"categories":[1],"tags":[],"class_list":["post-2999","post","type-post","status-publish","format-standard","has-post-thumbnail","hentry","category-sem-categoria"],"_links":{"self":[{"href":"https:\/\/blogs.correiobraziliense.com.br\/lianasabo\/wp-json\/wp\/v2\/posts\/2999","targetHints":{"allow":["GET"]}}],"collection":[{"href":"https:\/\/blogs.correiobraziliense.com.br\/lianasabo\/wp-json\/wp\/v2\/posts"}],"about":[{"href":"https:\/\/blogs.correiobraziliense.com.br\/lianasabo\/wp-json\/wp\/v2\/types\/post"}],"author":[{"embeddable":true,"href":"https:\/\/blogs.correiobraziliense.com.br\/lianasabo\/wp-json\/wp\/v2\/users\/54"}],"replies":[{"embeddable":true,"href":"https:\/\/blogs.correiobraziliense.com.br\/lianasabo\/wp-json\/wp\/v2\/comments?post=2999"}],"version-history":[{"count":1,"href":"https:\/\/blogs.correiobraziliense.com.br\/lianasabo\/wp-json\/wp\/v2\/posts\/2999\/revisions"}],"predecessor-version":[{"id":3002,"href":"https:\/\/blogs.correiobraziliense.com.br\/lianasabo\/wp-json\/wp\/v2\/posts\/2999\/revisions\/3002"}],"wp:featuredmedia":[{"embeddable":true,"href":"https:\/\/blogs.correiobraziliense.com.br\/lianasabo\/wp-json\/wp\/v2\/media\/3000"}],"wp:attachment":[{"href":"https:\/\/blogs.correiobraziliense.com.br\/lianasabo\/wp-json\/wp\/v2\/media?parent=2999"}],"wp:term":[{"taxonomy":"category","embeddable":true,"href":"https:\/\/blogs.correiobraziliense.com.br\/lianasabo\/wp-json\/wp\/v2\/categories?post=2999"},{"taxonomy":"post_tag","embeddable":true,"href":"https:\/\/blogs.correiobraziliense.com.br\/lianasabo\/wp-json\/wp\/v2\/tags?post=2999"}],"curies":[{"name":"wp","href":"https:\/\/api.w.org\/{rel}","templated":true}]}}