{"id":2927,"date":"2019-02-15T11:57:41","date_gmt":"2019-02-15T13:57:41","guid":{"rendered":"https:\/\/blogs.correiobraziliense.com.br\/lianasabo\/?p=2927"},"modified":"2019-02-14T19:01:27","modified_gmt":"2019-02-14T21:01:27","slug":"kawa-novo-japa-vai-ter-adega-de-saque","status":"publish","type":"post","link":"https:\/\/blogs.correiobraziliense.com.br\/lianasabo\/kawa-novo-japa-vai-ter-adega-de-saque\/","title":{"rendered":"Kawa, novo japa, vai ter adega de saqu\u00ea"},"content":{"rendered":"<p>&nbsp;<\/p>\n<p><span style=\"font-weight: 400\">\u00a0Del Maipo, a importadora brasiliense que est\u00e1 entre as 10 mais importantes do pa\u00eds ,distribui seus r\u00f3tulos por todos os endere\u00e7os gastron\u00f4micos da cidade, como o Kawa (213 Sul), onde promoveu degusta\u00e7\u00e3o de vinhos espanh\u00f3is harmonizados com as deliciosas cria\u00e7\u00f5es do chef Marcos Akaki.<\/span><\/p>\n<p>&nbsp;<\/p>\n<p><span style=\"font-weight: 400\">A novidade, por\u00e9m, \u00e9 que depois do carnaval, o Kawa vai contar com uma adega com cerca de 30 r\u00f3tulos de saqu\u00ea, instalada na lojinha ao lado que funcionar\u00e1 como delivery e varejo de lou\u00e7as e objetos japoneses, assinados pela ceramista Yoshiko Kimura. Telefone: 3256-9183<\/span><\/p>\n<p>&nbsp;<\/p>\n","protected":false},"excerpt":{"rendered":"<p>&nbsp; \u00a0Del Maipo, a importadora brasiliense que est\u00e1 entre as 10 mais importantes do pa\u00eds ,distribui seus r\u00f3tulos por todos os endere\u00e7os gastron\u00f4micos da cidade, como o Kawa (213 Sul), onde promoveu degusta\u00e7\u00e3o de vinhos espanh\u00f3is harmonizados com as deliciosas cria\u00e7\u00f5es do chef Marcos Akaki. &nbsp; A novidade, por\u00e9m, \u00e9 que depois do carnaval, o Kawa vai contar com uma [&hellip;]<\/p>\n","protected":false},"author":54,"featured_media":2929,"comment_status":"open","ping_status":"open","sticky":false,"template":"","format":"standard","meta":{"footnotes":""},"categories":[1],"tags":[],"class_list":["post-2927","post","type-post","status-publish","format-standard","has-post-thumbnail","hentry","category-sem-categoria"],"_links":{"self":[{"href":"https:\/\/blogs.correiobraziliense.com.br\/lianasabo\/wp-json\/wp\/v2\/posts\/2927","targetHints":{"allow":["GET"]}}],"collection":[{"href":"https:\/\/blogs.correiobraziliense.com.br\/lianasabo\/wp-json\/wp\/v2\/posts"}],"about":[{"href":"https:\/\/blogs.correiobraziliense.com.br\/lianasabo\/wp-json\/wp\/v2\/types\/post"}],"author":[{"embeddable":true,"href":"https:\/\/blogs.correiobraziliense.com.br\/lianasabo\/wp-json\/wp\/v2\/users\/54"}],"replies":[{"embeddable":true,"href":"https:\/\/blogs.correiobraziliense.com.br\/lianasabo\/wp-json\/wp\/v2\/comments?post=2927"}],"version-history":[{"count":1,"href":"https:\/\/blogs.correiobraziliense.com.br\/lianasabo\/wp-json\/wp\/v2\/posts\/2927\/revisions"}],"predecessor-version":[{"id":2932,"href":"https:\/\/blogs.correiobraziliense.com.br\/lianasabo\/wp-json\/wp\/v2\/posts\/2927\/revisions\/2932"}],"wp:featuredmedia":[{"embeddable":true,"href":"https:\/\/blogs.correiobraziliense.com.br\/lianasabo\/wp-json\/wp\/v2\/media\/2929"}],"wp:attachment":[{"href":"https:\/\/blogs.correiobraziliense.com.br\/lianasabo\/wp-json\/wp\/v2\/media?parent=2927"}],"wp:term":[{"taxonomy":"category","embeddable":true,"href":"https:\/\/blogs.correiobraziliense.com.br\/lianasabo\/wp-json\/wp\/v2\/categories?post=2927"},{"taxonomy":"post_tag","embeddable":true,"href":"https:\/\/blogs.correiobraziliense.com.br\/lianasabo\/wp-json\/wp\/v2\/tags?post=2927"}],"curies":[{"name":"wp","href":"https:\/\/api.w.org\/{rel}","templated":true}]}}