{"id":2910,"date":"2019-02-07T17:40:06","date_gmt":"2019-02-07T19:40:06","guid":{"rendered":"https:\/\/blogs.correiobraziliense.com.br\/lianasabo\/?p=2910"},"modified":"2019-02-10T15:07:16","modified_gmt":"2019-02-10T17:07:16","slug":"cinco-chefs-se-reunem-para-elaborar-jantar-magno-a-base-de-carne-no-nikkei","status":"publish","type":"post","link":"https:\/\/blogs.correiobraziliense.com.br\/lianasabo\/cinco-chefs-se-reunem-para-elaborar-jantar-magno-a-base-de-carne-no-nikkei\/","title":{"rendered":"Cinco chefs se re\u00fanem para elaborar jantar magno \u00e0 base de carne no Nikkei"},"content":{"rendered":"<p>A revista <i>Mangiare, <\/i>de propriedade de Maristela Valadares, vai promover na pr\u00f3xima quinta-feira, dia 14, um jantar especial no qual a estrela do card\u00e1pio ser\u00e1 a carne servida em diferentes cortes em receitas elaboradas por cinco renomados chefs da cidade, especialistas no assunto. Com in\u00edcio previsto para \u00e0s 19h30, o jantar ser\u00e1 realizado no restaurante Nikkei (na mesma rua do Mangai) no SCES, Trecho 2, por R$ 180, com direito a \u00e1gua Sferri\u00ea e caf\u00e9. Reserva pelo telefone 98200-7810.<\/p>\n<p>Sob a curadoria de chef Lui Veronese (consultor do Sallva), que ser\u00e1 respons\u00e1vel pela sobremesa a partir de um espetinho de frutas grelhadas na parrilla acrescentando sabor doce no contraste quente\/frio inclusive com sorvete, o menu ser\u00e1 desenvolvido em mais quatro etapas.<\/p>\n<p>Come\u00e7a com um aperitivo a cargo de Claude Capdeville, segue uma entrada fria confeccionada por Luiz Trigo e outra entrada quente, uma rabada preparada por Leandro Nunes. O prato principal ter\u00e1 como int\u00e9rprete o chef Tonico Lichtsztejn que optou por um must de seu curr\u00edculo, que \u00e9 o trio de costela bovina. Vai \u00e0 mesa em tr\u00eas vers\u00f5es: desfiada, grelhada e cozida no bafo.<\/p>\n","protected":false},"excerpt":{"rendered":"<p>A revista Mangiare, de propriedade de Maristela Valadares, vai promover na pr\u00f3xima quinta-feira, dia 14, um jantar especial no qual a estrela do card\u00e1pio ser\u00e1 a carne servida em diferentes cortes em receitas elaboradas por cinco renomados chefs da cidade, especialistas no assunto. Com in\u00edcio previsto para \u00e0s 19h30, o jantar ser\u00e1 realizado no restaurante Nikkei (na mesma rua do [&hellip;]<\/p>\n","protected":false},"author":57,"featured_media":2911,"comment_status":"open","ping_status":"open","sticky":false,"template":"","format":"standard","meta":{"footnotes":""},"categories":[1],"tags":[],"class_list":["post-2910","post","type-post","status-publish","format-standard","has-post-thumbnail","hentry","category-sem-categoria"],"_links":{"self":[{"href":"https:\/\/blogs.correiobraziliense.com.br\/lianasabo\/wp-json\/wp\/v2\/posts\/2910","targetHints":{"allow":["GET"]}}],"collection":[{"href":"https:\/\/blogs.correiobraziliense.com.br\/lianasabo\/wp-json\/wp\/v2\/posts"}],"about":[{"href":"https:\/\/blogs.correiobraziliense.com.br\/lianasabo\/wp-json\/wp\/v2\/types\/post"}],"author":[{"embeddable":true,"href":"https:\/\/blogs.correiobraziliense.com.br\/lianasabo\/wp-json\/wp\/v2\/users\/57"}],"replies":[{"embeddable":true,"href":"https:\/\/blogs.correiobraziliense.com.br\/lianasabo\/wp-json\/wp\/v2\/comments?post=2910"}],"version-history":[{"count":3,"href":"https:\/\/blogs.correiobraziliense.com.br\/lianasabo\/wp-json\/wp\/v2\/posts\/2910\/revisions"}],"predecessor-version":[{"id":2914,"href":"https:\/\/blogs.correiobraziliense.com.br\/lianasabo\/wp-json\/wp\/v2\/posts\/2910\/revisions\/2914"}],"wp:featuredmedia":[{"embeddable":true,"href":"https:\/\/blogs.correiobraziliense.com.br\/lianasabo\/wp-json\/wp\/v2\/media\/2911"}],"wp:attachment":[{"href":"https:\/\/blogs.correiobraziliense.com.br\/lianasabo\/wp-json\/wp\/v2\/media?parent=2910"}],"wp:term":[{"taxonomy":"category","embeddable":true,"href":"https:\/\/blogs.correiobraziliense.com.br\/lianasabo\/wp-json\/wp\/v2\/categories?post=2910"},{"taxonomy":"post_tag","embeddable":true,"href":"https:\/\/blogs.correiobraziliense.com.br\/lianasabo\/wp-json\/wp\/v2\/tags?post=2910"}],"curies":[{"name":"wp","href":"https:\/\/api.w.org\/{rel}","templated":true}]}}