{"id":2873,"date":"2018-12-21T09:55:22","date_gmt":"2018-12-21T11:55:22","guid":{"rendered":"https:\/\/blogs.correiobraziliense.com.br\/lianasabo\/?p=2873"},"modified":"2018-12-21T09:55:22","modified_gmt":"2018-12-21T11:55:22","slug":"vinhos-verdes-foram-o-destaque-de-2018","status":"publish","type":"post","link":"https:\/\/blogs.correiobraziliense.com.br\/lianasabo\/vinhos-verdes-foram-o-destaque-de-2018\/","title":{"rendered":"Vinhos verdes foram o destaque de 2018!"},"content":{"rendered":"<p>Um dos destaques do mundo do vinho em 2018 foram os lusitanos, que surpreenderam pela qualidade e quantidade. Portugal \u00e9 o maior exportador de vinhos para o Brasil, depois do Chile. Parte desse desempenho se deve aos vinhos verdes. Divertidos e gostosos, al\u00e9m de leves, s\u00e3o ideais para nosso clima. Os vinhedos se localizam a noroeste do pa\u00eds, entre os rios Minho e Douro, numa \u00e1rea das mais antigas de Portugal, que foi demarcada em 1908 e onde s\u00e3o produzidos atualmente 80 milh\u00f5es de litros\/ano.<\/p>\n<p>Todos os anos, Bras\u00edlia recebe a visita de representantes da Comiss\u00e3o de Viticultura da Regi\u00e3o dos Vinhos Verdes. Este ano n\u00e3o foi diferente. Semana passada, durante almo\u00e7o no restaurante Tejo (ora, pois), Carolina Orantes comandou degusta\u00e7\u00e3o de alguns bons r\u00f3tulos, como o ros\u00e9 Arca Nova, Estreia, Casa da Senra, Quinta de Carape\u00e7os, Quinta de Lourosa e Reguengo de Melga\u00e7o. A principal uva do vinho verde \u00e9 a Alvarinho, mas h\u00e1 outras, como Arinto e Loureiro. Entre as castas tintas, Amaral, Espadeiro, Pedral, Rabo-de-Anho e Vinh\u00e3o. Mais informa\u00e7\u00f5es no www.vinhoverde.pt<\/p>\n","protected":false},"excerpt":{"rendered":"<p>Um dos destaques do mundo do vinho em 2018 foram os lusitanos, que surpreenderam pela qualidade e quantidade. Portugal \u00e9 o maior exportador de vinhos para o Brasil, depois do Chile. Parte desse desempenho se deve aos vinhos verdes. Divertidos e gostosos, al\u00e9m de leves, s\u00e3o ideais para nosso clima. Os vinhedos se localizam a noroeste do pa\u00eds, entre os [&hellip;]<\/p>\n","protected":false},"author":54,"featured_media":2874,"comment_status":"open","ping_status":"open","sticky":false,"template":"","format":"standard","meta":{"footnotes":""},"categories":[1],"tags":[],"class_list":["post-2873","post","type-post","status-publish","format-standard","has-post-thumbnail","hentry","category-sem-categoria"],"_links":{"self":[{"href":"https:\/\/blogs.correiobraziliense.com.br\/lianasabo\/wp-json\/wp\/v2\/posts\/2873","targetHints":{"allow":["GET"]}}],"collection":[{"href":"https:\/\/blogs.correiobraziliense.com.br\/lianasabo\/wp-json\/wp\/v2\/posts"}],"about":[{"href":"https:\/\/blogs.correiobraziliense.com.br\/lianasabo\/wp-json\/wp\/v2\/types\/post"}],"author":[{"embeddable":true,"href":"https:\/\/blogs.correiobraziliense.com.br\/lianasabo\/wp-json\/wp\/v2\/users\/54"}],"replies":[{"embeddable":true,"href":"https:\/\/blogs.correiobraziliense.com.br\/lianasabo\/wp-json\/wp\/v2\/comments?post=2873"}],"version-history":[{"count":1,"href":"https:\/\/blogs.correiobraziliense.com.br\/lianasabo\/wp-json\/wp\/v2\/posts\/2873\/revisions"}],"predecessor-version":[{"id":2875,"href":"https:\/\/blogs.correiobraziliense.com.br\/lianasabo\/wp-json\/wp\/v2\/posts\/2873\/revisions\/2875"}],"wp:featuredmedia":[{"embeddable":true,"href":"https:\/\/blogs.correiobraziliense.com.br\/lianasabo\/wp-json\/wp\/v2\/media\/2874"}],"wp:attachment":[{"href":"https:\/\/blogs.correiobraziliense.com.br\/lianasabo\/wp-json\/wp\/v2\/media?parent=2873"}],"wp:term":[{"taxonomy":"category","embeddable":true,"href":"https:\/\/blogs.correiobraziliense.com.br\/lianasabo\/wp-json\/wp\/v2\/categories?post=2873"},{"taxonomy":"post_tag","embeddable":true,"href":"https:\/\/blogs.correiobraziliense.com.br\/lianasabo\/wp-json\/wp\/v2\/tags?post=2873"}],"curies":[{"name":"wp","href":"https:\/\/api.w.org\/{rel}","templated":true}]}}