{"id":2839,"date":"2018-12-07T11:00:17","date_gmt":"2018-12-07T13:00:17","guid":{"rendered":"https:\/\/blogs.correiobraziliense.com.br\/lianasabo\/?p=2839"},"modified":"2018-12-06T14:27:04","modified_gmt":"2018-12-06T16:27:04","slug":"vinicola-pizzato-em-bento-goncalves-se-dedica-ao-enoturismo","status":"publish","type":"post","link":"https:\/\/blogs.correiobraziliense.com.br\/lianasabo\/vinicola-pizzato-em-bento-goncalves-se-dedica-ao-enoturismo\/","title":{"rendered":"Vin\u00edcola Pizzato, em Bento Gon\u00e7alves, se dedica ao enoturismo"},"content":{"rendered":"<p><strong>Serra Ga\u00facha<\/strong> \u2014 \u201cComo o m\u00e9dico que conhece os pacientes, eu conhe\u00e7o os meus vinhedos\u201d, proclama, com orgulho, o vitivinicultor ga\u00facho Pl\u00ednio Pizzato, de 75 anos, que dirige a vin\u00edcola Pizzato, fundada em 1999, com vinhedos pr\u00f3prios. A atividade foi herdada do av\u00f4 Ant\u00f4nio Pizzato, um italiano que veio do V\u00eaneto ao final dos anos 1800.<\/p>\n<p>Localizada no Vale dos Vinhedos, pr\u00f3ximo a Bento Gon\u00e7alves (RS), a vin\u00edcola tamb\u00e9m se dedica ao enoturismo. Voc\u00ea pode fazer um passeio guiado pelo vinhedo Merlot, que \u00e9 a uva emblem\u00e1tica da regi\u00e3o, seguido de degusta\u00e7\u00e3o de vinhos e espumantes, com op\u00e7\u00e3o de acompanhamento de queijos e p\u00e3es coloniais.<\/p>\n<figure id=\"attachment_2841\" aria-describedby=\"caption-attachment-2841\" style=\"width: 800px\" class=\"wp-caption aligncenter\"><a href=\"https:\/\/blogs.correiobraziliense.com.br\/lianasabo\/wp-content\/uploads\/sites\/25\/2018\/12\/CBNFOT031220180865.jpg\"><img loading=\"lazy\" decoding=\"async\" class=\"size-full wp-image-2841\" src=\"https:\/\/blogs.correiobraziliense.com.br\/lianasabo\/wp-content\/uploads\/sites\/25\/2018\/12\/CBNFOT031220180865.jpg\" alt=\"\" width=\"800\" height=\"903\" srcset=\"https:\/\/blogs.correiobraziliense.com.br\/lianasabo\/wp-content\/uploads\/sites\/25\/2018\/12\/CBNFOT031220180865.jpg 800w, https:\/\/blogs.correiobraziliense.com.br\/lianasabo\/wp-content\/uploads\/sites\/25\/2018\/12\/CBNFOT031220180865-266x300.jpg 266w, https:\/\/blogs.correiobraziliense.com.br\/lianasabo\/wp-content\/uploads\/sites\/25\/2018\/12\/CBNFOT031220180865-768x867.jpg 768w, https:\/\/blogs.correiobraziliense.com.br\/lianasabo\/wp-content\/uploads\/sites\/25\/2018\/12\/CBNFOT031220180865-550x621.jpg 550w, https:\/\/blogs.correiobraziliense.com.br\/lianasabo\/wp-content\/uploads\/sites\/25\/2018\/12\/CBNFOT031220180865-230x260.jpg 230w\" sizes=\"auto, (max-width: 800px) 100vw, 800px\" \/><\/a><figcaption id=\"caption-attachment-2841\" class=\"wp-caption-text\">03\/12\/2018. Cr\u00e9dito: Pizzato Vinhas &amp; Vinhos\/Divulga\u00e7\u00e3o. Brasil. Bento Gon\u00e7alves &#8211; RS. Favas Contadas. Vin\u00edcola Pizzato Vinhas &amp; Vinhos no Vale dos Vinhedos, em Bento Gon\u00e7alves &#8211; RS. Na foto, Pl\u00ednio Pizzato.<\/figcaption><\/figure>\n<p>Outra alternativa \u00e9 jantar na vin\u00edcola com vinhos finos como Fausto, nas vers\u00f5es Cabernet Sauvignon e Tannat, al\u00e9m do Merlot, e o gran reserva Verve, um corte de Cabernet Sauvignon, Merlot e Tannat, top de linha. Localizado em Doutor Fausto de Castro, Dois Lajeados, na Serra Ga\u00facha o vinhedo existe desde 1985. O jantar harmonizado com cinco pratos sai entre R$ 130 e R$ 140, por pessoa.<\/p>\n<h3>Lan\u00e7amento<\/h3>\n<p>Com uma produ\u00e7\u00e3o de 330 mil garrafas por ano, a Pizzato \u00e9 uma empresa familiar, na qual os integrantes da fam\u00edlia s\u00e3o os respons\u00e1veis por todo o processo de elabora\u00e7\u00e3o dos vinhos que est\u00e3o entre os mais destacados em degusta\u00e7\u00f5es e pain\u00e9is de vinhos brasileiros aqui e no exterior. T\u00eam edi\u00e7\u00f5es especiais o Alicante Bouschet Reserva e o Egiodola Reserva, ambos com uvas do Vale dos Vinhedos, que ostenta o selo Denomina\u00e7\u00e3o de Origem (D.O.V.V.)<\/p>\n<p>Este ano, a grife fez o lan\u00e7amento de duas castas, que aparecem pela primeira vez no portf\u00f3lio da empresa. S\u00e3o o Sauvignon Blanc 2018, vinificado sem madeira, e o Semillion, do qual foram elaboradas apenas 400 garrafas. Ambas podem ser encontrados no A Garrafeira (215 Sul) .<\/p>\n<p><em>* A colunista viajou a convite da Conceitocom Vinhos<\/em><\/p>\n","protected":false},"excerpt":{"rendered":"<p>Serra Ga\u00facha \u2014 \u201cComo o m\u00e9dico que conhece os pacientes, eu conhe\u00e7o os meus vinhedos\u201d, proclama, com orgulho, o vitivinicultor ga\u00facho Pl\u00ednio Pizzato, de 75 anos, que dirige a vin\u00edcola Pizzato, fundada em 1999, com vinhedos pr\u00f3prios. A atividade foi herdada do av\u00f4 Ant\u00f4nio Pizzato, um italiano que veio do V\u00eaneto ao final dos anos 1800. Localizada no Vale dos [&hellip;]<\/p>\n","protected":false},"author":54,"featured_media":2840,"comment_status":"open","ping_status":"open","sticky":false,"template":"","format":"standard","meta":{"footnotes":""},"categories":[1],"tags":[],"class_list":["post-2839","post","type-post","status-publish","format-standard","has-post-thumbnail","hentry","category-sem-categoria"],"_links":{"self":[{"href":"https:\/\/blogs.correiobraziliense.com.br\/lianasabo\/wp-json\/wp\/v2\/posts\/2839","targetHints":{"allow":["GET"]}}],"collection":[{"href":"https:\/\/blogs.correiobraziliense.com.br\/lianasabo\/wp-json\/wp\/v2\/posts"}],"about":[{"href":"https:\/\/blogs.correiobraziliense.com.br\/lianasabo\/wp-json\/wp\/v2\/types\/post"}],"author":[{"embeddable":true,"href":"https:\/\/blogs.correiobraziliense.com.br\/lianasabo\/wp-json\/wp\/v2\/users\/54"}],"replies":[{"embeddable":true,"href":"https:\/\/blogs.correiobraziliense.com.br\/lianasabo\/wp-json\/wp\/v2\/comments?post=2839"}],"version-history":[{"count":1,"href":"https:\/\/blogs.correiobraziliense.com.br\/lianasabo\/wp-json\/wp\/v2\/posts\/2839\/revisions"}],"predecessor-version":[{"id":2842,"href":"https:\/\/blogs.correiobraziliense.com.br\/lianasabo\/wp-json\/wp\/v2\/posts\/2839\/revisions\/2842"}],"wp:featuredmedia":[{"embeddable":true,"href":"https:\/\/blogs.correiobraziliense.com.br\/lianasabo\/wp-json\/wp\/v2\/media\/2840"}],"wp:attachment":[{"href":"https:\/\/blogs.correiobraziliense.com.br\/lianasabo\/wp-json\/wp\/v2\/media?parent=2839"}],"wp:term":[{"taxonomy":"category","embeddable":true,"href":"https:\/\/blogs.correiobraziliense.com.br\/lianasabo\/wp-json\/wp\/v2\/categories?post=2839"},{"taxonomy":"post_tag","embeddable":true,"href":"https:\/\/blogs.correiobraziliense.com.br\/lianasabo\/wp-json\/wp\/v2\/tags?post=2839"}],"curies":[{"name":"wp","href":"https:\/\/api.w.org\/{rel}","templated":true}]}}