{"id":2820,"date":"2018-11-30T10:00:58","date_gmt":"2018-11-30T12:00:58","guid":{"rendered":"https:\/\/blogs.correiobraziliense.com.br\/lianasabo\/?p=2820"},"modified":"2018-12-01T12:56:35","modified_gmt":"2018-12-01T14:56:35","slug":"vinicola-luiz-argenta-faz-os-melhores-vinhos-da-serra-gaucha","status":"publish","type":"post","link":"https:\/\/blogs.correiobraziliense.com.br\/lianasabo\/vinicola-luiz-argenta-faz-os-melhores-vinhos-da-serra-gaucha\/","title":{"rendered":"Vin\u00edcola Luiz Argenta faz os melhores vinhos da Serra Ga\u00facha"},"content":{"rendered":"<p><strong>Serra Ga\u00facha<\/strong> \u2014 Flores da Cunha, maior produtora de vinhos e uvas do Brasil, guarda uma das mais belas e mais modernas vin\u00edcolas do pa\u00eds. Em meio a uma paisagem deslumbrante de alinhados vinhedos cultivados na Regi\u00e3o de Indica\u00e7\u00e3o de Proced\u00eancia (IP) Altos Montes, est\u00e1 localizada a Luiz Argenta. O nome \u00e9 uma homenagem ao pai prestada pelos filhos Deunir e Itacir que, em 1999, adquiriram a hist\u00f3rica propriedade que pertencia \u00e0 antiga Granja Uni\u00e3o, grife pioneira na produ\u00e7\u00e3o de vinhos finos no Rio Grande do Sul, estado onde nasceu a vitivinicultura brasileira.<\/p>\n<p>Distante apenas 150 quil\u00f4metros de Porto Alegre, a vin\u00edcola costuma ser visitada o ano inteiro \u2014 no inverno, a atra\u00e7\u00e3o \u00e9 o frio; e no ver\u00e3o, a possibilidade de passear entre as vinhas ou assistir \u00e0 colheita de uvas \u2014, da\u00ed uma vasta programa\u00e7\u00e3o de degusta\u00e7\u00f5es orientadas. Tr\u00eas grandes linhas de vinhos s\u00e3o produzidas l\u00e1: Jovem, como o nome sugere, s\u00e3o vinhos e espumante leves de safras recentes com aromas frutados. Vem em garrafas com design exclusivo importadas da It\u00e1lia.<\/p>\n<p><a href=\"https:\/\/blogs.correiobraziliense.com.br\/lianasabo\/wp-content\/uploads\/sites\/25\/2018\/11\/LBB_0446.jpg\"><img loading=\"lazy\" decoding=\"async\" class=\"aligncenter size-full wp-image-2829\" src=\"https:\/\/blogs.correiobraziliense.com.br\/lianasabo\/wp-content\/uploads\/sites\/25\/2018\/11\/LBB_0446.jpg\" alt=\"\" width=\"1200\" height=\"857\" srcset=\"https:\/\/blogs.correiobraziliense.com.br\/lianasabo\/wp-content\/uploads\/sites\/25\/2018\/11\/LBB_0446.jpg 1200w, https:\/\/blogs.correiobraziliense.com.br\/lianasabo\/wp-content\/uploads\/sites\/25\/2018\/11\/LBB_0446-300x214.jpg 300w, https:\/\/blogs.correiobraziliense.com.br\/lianasabo\/wp-content\/uploads\/sites\/25\/2018\/11\/LBB_0446-768x548.jpg 768w, https:\/\/blogs.correiobraziliense.com.br\/lianasabo\/wp-content\/uploads\/sites\/25\/2018\/11\/LBB_0446-1024x731.jpg 1024w, https:\/\/blogs.correiobraziliense.com.br\/lianasabo\/wp-content\/uploads\/sites\/25\/2018\/11\/LBB_0446-550x393.jpg 550w, https:\/\/blogs.correiobraziliense.com.br\/lianasabo\/wp-content\/uploads\/sites\/25\/2018\/11\/LBB_0446-230x164.jpg 230w\" sizes=\"auto, (max-width: 1200px) 100vw, 1200px\" \/><\/a><\/p>\n<p>Cl\u00e1ssico re\u00fane vinhos e espumantes de m\u00e9dia estrutura com amadurecimento de at\u00e9 nove meses em barrica de carvalho, perfeitos para acompanhar refei\u00e7\u00f5es. A terceira linha, Cave, traz as bebidas mais sofisticadas e elegantes provenientes apenas de safras excepcionais, de grande estrutura e potencial de guarda. Todos os vinhos s\u00e3o assinados pelo en\u00f3logo Edegar Scortegagna.<\/p>\n<h3>Toque contempor\u00e2neo<\/h3>\n<figure id=\"attachment_2822\" aria-describedby=\"caption-attachment-2822\" style=\"width: 225px\" class=\"wp-caption alignright\"><a href=\"https:\/\/blogs.correiobraziliense.com.br\/lianasabo\/wp-content\/uploads\/sites\/25\/2018\/11\/CBNFOT271120180690.jpg\"><img loading=\"lazy\" decoding=\"async\" class=\"size-medium wp-image-2822\" src=\"https:\/\/blogs.correiobraziliense.com.br\/lianasabo\/wp-content\/uploads\/sites\/25\/2018\/11\/CBNFOT271120180690-225x300.jpg\" alt=\"\" width=\"225\" height=\"300\" srcset=\"https:\/\/blogs.correiobraziliense.com.br\/lianasabo\/wp-content\/uploads\/sites\/25\/2018\/11\/CBNFOT271120180690-225x300.jpg 225w, https:\/\/blogs.correiobraziliense.com.br\/lianasabo\/wp-content\/uploads\/sites\/25\/2018\/11\/CBNFOT271120180690-550x733.jpg 550w, https:\/\/blogs.correiobraziliense.com.br\/lianasabo\/wp-content\/uploads\/sites\/25\/2018\/11\/CBNFOT271120180690-230x307.jpg 230w, https:\/\/blogs.correiobraziliense.com.br\/lianasabo\/wp-content\/uploads\/sites\/25\/2018\/11\/CBNFOT271120180690.jpg 600w\" sizes=\"auto, (max-width: 225px) 100vw, 225px\" \/><\/a><figcaption id=\"caption-attachment-2822\" class=\"wp-caption-text\">Liana Sabo\/CB\/D.A.Press. Pera ao vinho do restaurante Cl\u00f4, em Flores da Cunha &#8211; RS.<\/figcaption><\/figure>\n<p>Para quem pretende aprofundar a experi\u00eancia na vin\u00edcola, poder\u00e1 almo\u00e7ar l\u00e1 no terra\u00e7o do pr\u00e9dio com uma vista \u00fanica para os vinhedos. Em homenagem \u00e0 matriarca da fam\u00edlia, Clorinda Argenta, o Cl\u00f4 Restaurante pratica a gastronomia italiana, com um toque contempor\u00e2neo. Comanda as ca\u00e7arolas o chef Wander Sch\u00f6nwald Bresolin, de 20 anos, formado em gastronomia pela Universidade de Caxias do Sul.<\/p>\n<p>O card\u00e1pio apresenta uma sequ\u00eancia de pratos por R$ 109. As receitas, com toque regional, t\u00eam op\u00e7\u00e3o de peixe e vegetariana. Funciona de ter\u00e7a a domingo para almo\u00e7o. \u201c\u00c0 noite, podemos servir jantar sob reserva para um m\u00ednimo de 20 pessoas\u201d, informa Daiane Argenta, diretora de marketing. Tel.: (54) 3292-4477.<\/p>\n<p><em>A colunista viajou a convite da Conceitocom Vinhos.<\/em><\/p>\n","protected":false},"excerpt":{"rendered":"<p>Serra Ga\u00facha \u2014 Flores da Cunha, maior produtora de vinhos e uvas do Brasil, guarda uma das mais belas e mais modernas vin\u00edcolas do pa\u00eds. Em meio a uma paisagem deslumbrante de alinhados vinhedos cultivados na Regi\u00e3o de Indica\u00e7\u00e3o de Proced\u00eancia (IP) Altos Montes, est\u00e1 localizada a Luiz Argenta. O nome \u00e9 uma homenagem ao pai prestada pelos filhos Deunir [&hellip;]<\/p>\n","protected":false},"author":54,"featured_media":2821,"comment_status":"open","ping_status":"open","sticky":false,"template":"","format":"standard","meta":{"footnotes":""},"categories":[1],"tags":[],"class_list":["post-2820","post","type-post","status-publish","format-standard","has-post-thumbnail","hentry","category-sem-categoria"],"_links":{"self":[{"href":"https:\/\/blogs.correiobraziliense.com.br\/lianasabo\/wp-json\/wp\/v2\/posts\/2820","targetHints":{"allow":["GET"]}}],"collection":[{"href":"https:\/\/blogs.correiobraziliense.com.br\/lianasabo\/wp-json\/wp\/v2\/posts"}],"about":[{"href":"https:\/\/blogs.correiobraziliense.com.br\/lianasabo\/wp-json\/wp\/v2\/types\/post"}],"author":[{"embeddable":true,"href":"https:\/\/blogs.correiobraziliense.com.br\/lianasabo\/wp-json\/wp\/v2\/users\/54"}],"replies":[{"embeddable":true,"href":"https:\/\/blogs.correiobraziliense.com.br\/lianasabo\/wp-json\/wp\/v2\/comments?post=2820"}],"version-history":[{"count":6,"href":"https:\/\/blogs.correiobraziliense.com.br\/lianasabo\/wp-json\/wp\/v2\/posts\/2820\/revisions"}],"predecessor-version":[{"id":2834,"href":"https:\/\/blogs.correiobraziliense.com.br\/lianasabo\/wp-json\/wp\/v2\/posts\/2820\/revisions\/2834"}],"wp:featuredmedia":[{"embeddable":true,"href":"https:\/\/blogs.correiobraziliense.com.br\/lianasabo\/wp-json\/wp\/v2\/media\/2821"}],"wp:attachment":[{"href":"https:\/\/blogs.correiobraziliense.com.br\/lianasabo\/wp-json\/wp\/v2\/media?parent=2820"}],"wp:term":[{"taxonomy":"category","embeddable":true,"href":"https:\/\/blogs.correiobraziliense.com.br\/lianasabo\/wp-json\/wp\/v2\/categories?post=2820"},{"taxonomy":"post_tag","embeddable":true,"href":"https:\/\/blogs.correiobraziliense.com.br\/lianasabo\/wp-json\/wp\/v2\/tags?post=2820"}],"curies":[{"name":"wp","href":"https:\/\/api.w.org\/{rel}","templated":true}]}}