{"id":2813,"date":"2018-11-30T08:53:33","date_gmt":"2018-11-30T10:53:33","guid":{"rendered":"https:\/\/blogs.correiobraziliense.com.br\/lianasabo\/?p=2813"},"modified":"2018-11-29T10:57:42","modified_gmt":"2018-11-29T12:57:42","slug":"leve-as-delicias-do-sushi-san-para-casa","status":"publish","type":"post","link":"https:\/\/blogs.correiobraziliense.com.br\/lianasabo\/leve-as-delicias-do-sushi-san-para-casa\/","title":{"rendered":"Leve as del\u00edcias do Sushi San para casa"},"content":{"rendered":"<h3>Gourmetizar o jantar em casa n\u00e3o d\u00e1 trabalho algum. Al\u00e9m de n\u00e3o precisar fazer reserva e enfrentar fila de restaurantes, que ocorre nesta \u00e9poca, voc\u00ea vai comer a mais fina iguaria que escolher e ainda preparada por quem entende do assunto.<\/h3>\n<p>Como a equipe de profissionais, treinada pelo chef Eduardo Viana, que trocou S\u00e3o Paulo por Bras\u00edlia por alguns meses para comandar a cozinha quente e fria do Sushi San Experience, inaugurado h\u00e1 cinco meses na 106 Sul.<\/p>\n<p>\u201cEu percebi que o tipo de servi\u00e7o prestado em domic\u00edlio era sempre mais do mesmo da\u00ed, me indaguei por que n\u00e3o levar o menu de sushis para a casa do cliente?\u201d, prop\u00f5e Daniely Brito, s\u00f3cia-propriet\u00e1ria do restaurante ao lado do irm\u00e3o Roberto e da m\u00e3e Arilma. Quem toca a casa, por\u00e9m, \u00e9 a dupla de irm\u00e3os, agora auxiliada pelo quarto s\u00f3cio, o publicit\u00e1rio Wilson Camargos.<\/p>\n<h3>Tr\u00eas op\u00e7\u00f5es<\/h3>\n<div id='gallery-1' class='gallery galleryid-2813 gallery-columns-3 gallery-size-thumbnail'><figure class='gallery-item'>\n\t\t\t<div class='gallery-icon landscape'>\n\t\t\t\t<a href='https:\/\/blogs.correiobraziliense.com.br\/lianasabo\/leve-as-delicias-do-sushi-san-para-casa\/cbnfot271120180542\/'><img loading=\"lazy\" decoding=\"async\" width=\"150\" height=\"150\" src=\"https:\/\/blogs.correiobraziliense.com.br\/lianasabo\/wp-content\/uploads\/sites\/25\/2018\/11\/CBNFOT271120180542-150x150.jpg\" class=\"attachment-thumbnail size-thumbnail\" alt=\"\" aria-describedby=\"gallery-1-2816\" \/><\/a>\n\t\t\t<\/div>\n\t\t\t\t<figcaption class='wp-caption-text gallery-caption' id='gallery-1-2816'>\n\t\t\t\t27\/11\/\/2018. Cr\u00e9dito: Rayan Ribeiro\/Divulga\u00e7\u00e3o. Brasil. Bras\u00edlia &#8211; DF. Favas Contadas. Menu de sushis e sashimis do Sushi San, na Asa Sul. Salada com camar\u00e3o e champagne.\n\t\t\t\t<\/figcaption><\/figure><figure class='gallery-item'>\n\t\t\t<div class='gallery-icon landscape'>\n\t\t\t\t<a href='https:\/\/blogs.correiobraziliense.com.br\/lianasabo\/leve-as-delicias-do-sushi-san-para-casa\/cbnfot271120180540\/'><img loading=\"lazy\" decoding=\"async\" width=\"150\" height=\"150\" src=\"https:\/\/blogs.correiobraziliense.com.br\/lianasabo\/wp-content\/uploads\/sites\/25\/2018\/11\/CBNFOT271120180540-150x150.jpg\" class=\"attachment-thumbnail size-thumbnail\" alt=\"\" aria-describedby=\"gallery-1-2817\" \/><\/a>\n\t\t\t<\/div>\n\t\t\t\t<figcaption class='wp-caption-text gallery-caption' id='gallery-1-2817'>\n\t\t\t\t27\/11\/\/2018. Cr\u00e9dito: Rayan Ribeiro\/Divulga\u00e7\u00e3o. Brasil. Bras\u00edlia &#8211; DF. Favas Contadas. Menu de sushis e sashimis do Sushi San, na Asa Sul. Nigueri atum com massago salasa trufada e calda foie grass.\n\t\t\t\t<\/figcaption><\/figure><figure class='gallery-item'>\n\t\t\t<div class='gallery-icon landscape'>\n\t\t\t\t<a href='https:\/\/blogs.correiobraziliense.com.br\/lianasabo\/leve-as-delicias-do-sushi-san-para-casa\/cbnfot271120180544\/'><img loading=\"lazy\" decoding=\"async\" width=\"150\" height=\"150\" src=\"https:\/\/blogs.correiobraziliense.com.br\/lianasabo\/wp-content\/uploads\/sites\/25\/2018\/11\/CBNFOT271120180544-150x150.jpg\" class=\"attachment-thumbnail size-thumbnail\" alt=\"\" aria-describedby=\"gallery-1-2818\" \/><\/a>\n\t\t\t<\/div>\n\t\t\t\t<figcaption class='wp-caption-text gallery-caption' id='gallery-1-2818'>\n\t\t\t\t27\/11\/\/2018. Cr\u00e9dito: Rayan Ribeiro\/Divulga\u00e7\u00e3o. Brasil. Bras\u00edlia &#8211; DF. Favas Contadas. Menu de sushis e sashimis do Sushi San, na Asa Sul. Vieira com pur\u00ea de mandioquinha.\n\t\t\t\t<\/figcaption><\/figure><figure class='gallery-item'>\n\t\t\t<div class='gallery-icon landscape'>\n\t\t\t\t<a href='https:\/\/blogs.correiobraziliense.com.br\/lianasabo\/leve-as-delicias-do-sushi-san-para-casa\/cbnfot271120180688\/'><img loading=\"lazy\" decoding=\"async\" width=\"150\" height=\"150\" src=\"https:\/\/blogs.correiobraziliense.com.br\/lianasabo\/wp-content\/uploads\/sites\/25\/2018\/11\/CBNFOT271120180688-150x150.jpg\" class=\"attachment-thumbnail size-thumbnail\" alt=\"\" aria-describedby=\"gallery-1-2815\" \/><\/a>\n\t\t\t<\/div>\n\t\t\t\t<figcaption class='wp-caption-text gallery-caption' id='gallery-1-2815'>\n\t\t\t\tCr\u00e9ditos: Rayan Ribeiro\/Divulga\u00e7\u00e3o. bolo de chocolate belga do servi\u00e7o Sushi san em casa.\n\t\t\t\t<\/figcaption><\/figure>\n\t\t<\/div>\n\n<p>\u201cUtilizo algumas coisas da casa da pessoa, mas levo a maior parte do equipamento e at\u00e9 facas. O menu \u00e9 sugerido previamente por mim dentro de tr\u00eas op\u00e7\u00f5es, mas o cliente tem toda a liberdade de alterar qualquer item\u201d, explica Daniely, que conta com cinco profissionais: a chef de cozinha Cristina Vargas e quatro sushimen.<\/p>\n<p>No primeiro menu h\u00e1 um bolinho de salm\u00e3o com molho agridoce de entrada; sete sushis, entre os quais djos de salm\u00e3o batido com ciboullete e de shimeji temperado; tr\u00eas sashimis (salm\u00e3o, atum e peixe branco) e meia d\u00fazia de makimonos, que s\u00e3o os enrolados de arroz ou nori por fora com recheios por dentro. Bolo de chocolate belga com calda de gengibre e coco e ganache de chocolate encerram o servi\u00e7o, que sai R$ 220 por pessoa.<\/p>\n<h3>Azeites trufados<\/h3>\n<p>Um pouco mais sofisticado que o primeiro, o menu 2 oferece cogumelos flambados, harumaki de legumes, salm\u00e3o especial com raspas de lim\u00e3o siciliano, azeite trufado e flor de sal no sashimi, al\u00e9m do delicioso batera, que \u00e9 o arroz prensado com salm\u00e3o, massag\u00f4 com tabasco e crispy de tempur\u00e1. A sobremesa \u00e9 a mesma do menu 1 e o valor fica em R$ 250 por pessoa.<\/p>\n<p>J\u00e1 o menu 3 tem a mesma estrutura dos outros dois, mas com um upgrade ainda mais gourmet. Por exemplo: o djo de salm\u00e3o tem ovo de codorna poch\u00ea; outro djo de atum \u00e9 preparado com lichia e foie gras e a maior atra\u00e7\u00e3o s\u00e3o os sushis de vieira e de lula trufados. Sai por R$ 300 por pessoa.<\/p>\n<p>Al\u00e9m da tabela fixa, voc\u00ea pode propor or\u00e7amento individual para o pedido, informa a criadora do servi\u00e7o, que se chama Sushi San em Casa. Telefone: 3345-1804.<\/p>\n","protected":false},"excerpt":{"rendered":"<p>Gourmetizar o jantar em casa n\u00e3o d\u00e1 trabalho algum. Al\u00e9m de n\u00e3o precisar fazer reserva e enfrentar fila de restaurantes, que ocorre nesta \u00e9poca, voc\u00ea vai comer a mais fina iguaria que escolher e ainda preparada por quem entende do assunto. Como a equipe de profissionais, treinada pelo chef Eduardo Viana, que trocou S\u00e3o Paulo por Bras\u00edlia por alguns meses [&hellip;]<\/p>\n","protected":false},"author":54,"featured_media":2814,"comment_status":"open","ping_status":"open","sticky":false,"template":"","format":"standard","meta":{"footnotes":""},"categories":[1],"tags":[],"class_list":["post-2813","post","type-post","status-publish","format-standard","has-post-thumbnail","hentry","category-sem-categoria"],"_links":{"self":[{"href":"https:\/\/blogs.correiobraziliense.com.br\/lianasabo\/wp-json\/wp\/v2\/posts\/2813","targetHints":{"allow":["GET"]}}],"collection":[{"href":"https:\/\/blogs.correiobraziliense.com.br\/lianasabo\/wp-json\/wp\/v2\/posts"}],"about":[{"href":"https:\/\/blogs.correiobraziliense.com.br\/lianasabo\/wp-json\/wp\/v2\/types\/post"}],"author":[{"embeddable":true,"href":"https:\/\/blogs.correiobraziliense.com.br\/lianasabo\/wp-json\/wp\/v2\/users\/54"}],"replies":[{"embeddable":true,"href":"https:\/\/blogs.correiobraziliense.com.br\/lianasabo\/wp-json\/wp\/v2\/comments?post=2813"}],"version-history":[{"count":1,"href":"https:\/\/blogs.correiobraziliense.com.br\/lianasabo\/wp-json\/wp\/v2\/posts\/2813\/revisions"}],"predecessor-version":[{"id":2819,"href":"https:\/\/blogs.correiobraziliense.com.br\/lianasabo\/wp-json\/wp\/v2\/posts\/2813\/revisions\/2819"}],"wp:featuredmedia":[{"embeddable":true,"href":"https:\/\/blogs.correiobraziliense.com.br\/lianasabo\/wp-json\/wp\/v2\/media\/2814"}],"wp:attachment":[{"href":"https:\/\/blogs.correiobraziliense.com.br\/lianasabo\/wp-json\/wp\/v2\/media?parent=2813"}],"wp:term":[{"taxonomy":"category","embeddable":true,"href":"https:\/\/blogs.correiobraziliense.com.br\/lianasabo\/wp-json\/wp\/v2\/categories?post=2813"},{"taxonomy":"post_tag","embeddable":true,"href":"https:\/\/blogs.correiobraziliense.com.br\/lianasabo\/wp-json\/wp\/v2\/tags?post=2813"}],"curies":[{"name":"wp","href":"https:\/\/api.w.org\/{rel}","templated":true}]}}