{"id":2798,"date":"2018-11-19T11:11:09","date_gmt":"2018-11-19T13:11:09","guid":{"rendered":"https:\/\/blogs.correiobraziliense.com.br\/lianasabo\/?p=2798"},"modified":"2018-11-19T11:18:44","modified_gmt":"2018-11-19T13:18:44","slug":"ultimo-fim-de-semana-de-novembro-taguatinga-shopping-recebe-evento-gastronomico-com-aulas-gratis","status":"publish","type":"post","link":"https:\/\/blogs.correiobraziliense.com.br\/lianasabo\/ultimo-fim-de-semana-de-novembro-taguatinga-shopping-recebe-evento-gastronomico-com-aulas-gratis\/","title":{"rendered":"Taguatinga Shopping recebe evento gastron\u00f4mico com aulas gr\u00e1tis"},"content":{"rendered":"<h3>Voc\u00ea j\u00e1 imaginou um evento no qual possa ter aulas com chefs premiados sobre diversas cozinhas, experimentar sensa\u00e7\u00f5es gustativas diferenciadas com queijo, caf\u00e9 e ch\u00e1 e adquirir ingredientes de pequenos produtores rurais, que se preocupam com o desenvolvimento sustent\u00e1vel?<\/h3>\n<p>Tudo isso vai ser oferecido de gra\u00e7a no Mercado Mundi, cuja segunda edi\u00e7\u00e3o (a primeira foi em 2015, no Iesb), ser\u00e1 realizada nos dias 23 a 25 deste m\u00eas, no Taguatinga Shopping, no hor\u00e1rio das 12 \u00e0s 22h.<\/p>\n<p>Durante tr\u00eas dias, mais de 10 renomados cozinheiros de Bras\u00edlia e de fora v\u00e3o ensinar o passo a passo de receitas revelando t\u00e9cnicas necess\u00e1rias para confec\u00e7\u00e3o do prato e produtos usados na cozinha. S\u00e3o chamadas aulas-show as li\u00e7\u00f5es que come\u00e7am sexta-feira, 23, com o chef Renato Caleffi, do restaurante Manjue, de S\u00e3o Paulo, sobre o tema \u201cPr\u00e1ticas de gastronomia funcional\u201d, no per\u00edodo das 15h \u00e0s 15h40.<\/p>\n<p>No hor\u00e1rio seguinte, das 17h \u00e0s 17h40, \u00e9 a vez do chef David Lechtig, do rest\u00f4 brasiliense El Paso Texas protagonizar receita do tema \u201cCozinha Mexicana\u201d. Encerra o dia, das 18 \u00e0s 18h40, o chef Andr\u00e9 Castro, do Authoral (302 Sul), comandando a aula \u201cCozinha local e identidade\u201d.<\/p>\n<h2><a href=\"https:\/\/blogs.correiobraziliense.com.br\/lianasabo\/wp-content\/uploads\/sites\/25\/2018\/11\/MM2.jpg\"><img loading=\"lazy\" decoding=\"async\" class=\"aligncenter size-full wp-image-2800\" src=\"https:\/\/blogs.correiobraziliense.com.br\/lianasabo\/wp-content\/uploads\/sites\/25\/2018\/11\/MM2.jpg\" alt=\"\" width=\"1200\" height=\"719\" srcset=\"https:\/\/blogs.correiobraziliense.com.br\/lianasabo\/wp-content\/uploads\/sites\/25\/2018\/11\/MM2.jpg 1200w, https:\/\/blogs.correiobraziliense.com.br\/lianasabo\/wp-content\/uploads\/sites\/25\/2018\/11\/MM2-300x180.jpg 300w, https:\/\/blogs.correiobraziliense.com.br\/lianasabo\/wp-content\/uploads\/sites\/25\/2018\/11\/MM2-768x460.jpg 768w, https:\/\/blogs.correiobraziliense.com.br\/lianasabo\/wp-content\/uploads\/sites\/25\/2018\/11\/MM2-1024x614.jpg 1024w, https:\/\/blogs.correiobraziliense.com.br\/lianasabo\/wp-content\/uploads\/sites\/25\/2018\/11\/MM2-550x330.jpg 550w, https:\/\/blogs.correiobraziliense.com.br\/lianasabo\/wp-content\/uploads\/sites\/25\/2018\/11\/MM2-230x138.jpg 230w\" sizes=\"auto, (max-width: 1200px) 100vw, 1200px\" \/><\/a><br \/>\nPrata da casa<\/h2>\n<p>O show de bons sabores prossegue s\u00e1bado com o conhecido p\u00e2tissier e chocolatier franc\u00eas radicado na cidade Daniel Briand, que vai mostrar justamente a confeitaria francesa, das 15 \u00e0s 15h40. Na sequ\u00eancia, a dupla que assina Sous Vide, um manual para coc\u00e7\u00e3o em baixa temperatura, Andr\u00e9 Vargas e Bruno Rappel revelam alguns segredinhos no hor\u00e1rio das 16h \u00e0s 16h40. O \u00faltimo a brandir as ca\u00e7arolas no dia 24, ser\u00e1 o chef dinamarqu\u00eas Simon Lau, do Aquavit, que apresenta a \u201cFus\u00e3o entre a cozinha n\u00f3rdica e o Cerrado\u201d.<\/p>\n<p>Se voc\u00ea aprecia a excelente cozinha de Marcelo Petrarca, ter\u00e1 chance de v\u00ea-lo desenvolver uma sugest\u00e3o do menu do Bloco C ou do Lago, no domingo, \u00e0s 14h, sobre o tema \u201cCozinha contempor\u00e2nea\u201d. J\u00e1 as 15h30, vir\u00e1 a cozinha tradicional italiana pelas m\u00e3os do chef Ville Della Pena, que vai fazer um prato vegetariano de massa fresca, t\u00edpico da \u00dambria, sem molho de carne, e que pode ser tamb\u00e9m vegano. Coube aos chefs do restaurante Grand Cru, (QI 11 do Lago Sul) juntar a cozinha brasileira com a contempor\u00e2nea na aula-show que encerra essa parte do evento, no hor\u00e1rio das 17h \u00e0s 17h40.<\/p>\n<h2>Leve para casa<\/h2>\n<p>\u00c9 bom voc\u00ea se munir de sacola para ir ao evento que, como o nome sugere, trata-se de um mercado com uma infinidade de produtos que podem ser encontrados em quase 50 estandes e bancas, dos quais 90% s\u00e3o de pequenos produtores locais. O p\u00fablico poder\u00e1 adquirir de hortifr\u00fatis a embutidos, doces, compotas, queijos, p\u00e3es, massas, picol\u00e9s, sorvetes, caf\u00e9s, ch\u00e1s, cortes especiais de carnes de porco, peixes, produtos org\u00e2nicos, sem lactose e sem gl\u00faten.<\/p>\n<p>Segundo o idealizador do evento, Nicola Goretti, \u201cas pessoas poder\u00e3o conhecer os produtos que definem nossas tradi\u00e7\u00f5es alimentares, provar nossos sabores e conhecer os produtores da mais variadas mercadorias que consumimos diariamente\u201d.<\/p>\n<h2>Cacha\u00e7a \u00e9 destaque<\/h2>\n<p>A sommeli\u00e8re de cacha\u00e7a e mestre alambiqueira Elk Barreto, que produz a primeira cacha\u00e7a org\u00e2nica de Pernambuco no primeiro engenho do Brasil a operar com energia solar, far\u00e1 duas apresenta\u00e7\u00f5es. Na primeira, ela abordar\u00e1 o tema a \u201cExperi\u00eancia sustent\u00e1vel de sucesso da cacha\u00e7a org\u00e2nica Sanha\u00e7u\u201d, s\u00e1bado \u00e0s 13h. Na segunda, ela retorna domingo no hor\u00e1rio das 13 \u00e0s 14h para falar de sua experi\u00eancia no metier.<\/p>\n<p>Ainda far\u00e3o palestras o chef argentino Sebasti\u00e1n Parasole, coordenador do curso de gastronomia do Iesb, sobre o \u201cProjeto Iniciativa Bandone\u00f3n: Educa\u00e7\u00e3o itinerante\u201d, voltado para a pessoas interessadas em conhecer sobre a import\u00e2ncia da gastronomia como ferramenta educacional e os resultados do projeto. Ele, que \u00e9 um dos curadores do evento, se apresenta domingo, \u00e0s 16h.<\/p>\n<p>O evento ser\u00e1 encerrado com a palestra da chef e pesquisadora Bel Coelho, propriet\u00e1ria do restaurante Clandestino, em S\u00e3o Paulo, e apresentadora do programa Receita de viagem do canal TLC, que falar\u00e1 sobre \u201cA rede de alimento, das 18h \u00e0s 18h40. A entrada \u00e9 franca, mas as pessoas interessadas em participar das aulas, devem se inscrever pelo site www.mercado.mundi.com<\/p>\n","protected":false},"excerpt":{"rendered":"<p>Voc\u00ea j\u00e1 imaginou um evento no qual possa ter aulas com chefs premiados sobre diversas cozinhas, experimentar sensa\u00e7\u00f5es gustativas diferenciadas com queijo, caf\u00e9 e ch\u00e1 e adquirir ingredientes de pequenos produtores rurais, que se preocupam com o desenvolvimento sustent\u00e1vel? Tudo isso vai ser oferecido de gra\u00e7a no Mercado Mundi, cuja segunda edi\u00e7\u00e3o (a primeira foi em 2015, no Iesb), ser\u00e1 [&hellip;]<\/p>\n","protected":false},"author":54,"featured_media":2799,"comment_status":"open","ping_status":"open","sticky":false,"template":"","format":"standard","meta":{"footnotes":""},"categories":[1],"tags":[],"class_list":["post-2798","post","type-post","status-publish","format-standard","has-post-thumbnail","hentry","category-sem-categoria"],"_links":{"self":[{"href":"https:\/\/blogs.correiobraziliense.com.br\/lianasabo\/wp-json\/wp\/v2\/posts\/2798","targetHints":{"allow":["GET"]}}],"collection":[{"href":"https:\/\/blogs.correiobraziliense.com.br\/lianasabo\/wp-json\/wp\/v2\/posts"}],"about":[{"href":"https:\/\/blogs.correiobraziliense.com.br\/lianasabo\/wp-json\/wp\/v2\/types\/post"}],"author":[{"embeddable":true,"href":"https:\/\/blogs.correiobraziliense.com.br\/lianasabo\/wp-json\/wp\/v2\/users\/54"}],"replies":[{"embeddable":true,"href":"https:\/\/blogs.correiobraziliense.com.br\/lianasabo\/wp-json\/wp\/v2\/comments?post=2798"}],"version-history":[{"count":2,"href":"https:\/\/blogs.correiobraziliense.com.br\/lianasabo\/wp-json\/wp\/v2\/posts\/2798\/revisions"}],"predecessor-version":[{"id":2802,"href":"https:\/\/blogs.correiobraziliense.com.br\/lianasabo\/wp-json\/wp\/v2\/posts\/2798\/revisions\/2802"}],"wp:featuredmedia":[{"embeddable":true,"href":"https:\/\/blogs.correiobraziliense.com.br\/lianasabo\/wp-json\/wp\/v2\/media\/2799"}],"wp:attachment":[{"href":"https:\/\/blogs.correiobraziliense.com.br\/lianasabo\/wp-json\/wp\/v2\/media?parent=2798"}],"wp:term":[{"taxonomy":"category","embeddable":true,"href":"https:\/\/blogs.correiobraziliense.com.br\/lianasabo\/wp-json\/wp\/v2\/categories?post=2798"},{"taxonomy":"post_tag","embeddable":true,"href":"https:\/\/blogs.correiobraziliense.com.br\/lianasabo\/wp-json\/wp\/v2\/tags?post=2798"}],"curies":[{"name":"wp","href":"https:\/\/api.w.org\/{rel}","templated":true}]}}