{"id":2784,"date":"2018-11-09T11:00:50","date_gmt":"2018-11-09T13:00:50","guid":{"rendered":"https:\/\/blogs.correiobraziliense.com.br\/lianasabo\/?p=2784"},"modified":"2018-11-08T12:22:44","modified_gmt":"2018-11-08T14:22:44","slug":"do-sagres-ao-fartura","status":"publish","type":"post","link":"https:\/\/blogs.correiobraziliense.com.br\/lianasabo\/do-sagres-ao-fartura\/","title":{"rendered":"Do Sagres ao Fartura"},"content":{"rendered":"<p>Com mais de 10 pratos diferentes de bacalhau, Olga Soares, chef do Sagres (316 Norte), escolheu o de arroz com bacalhau em lascas, gr\u00e3o-de-bico, salsinha e azeitonas pretas para apresentar no Festival Fartura \u2014 Comidas do Brasil Fortaleza, que realiza a quarta edi\u00e7\u00e3o, s\u00e1bado (10\/11) e domingo (11), na capital cearense.<\/p>\n","protected":false},"excerpt":{"rendered":"<p>Com mais de 10 pratos diferentes de bacalhau, Olga Soares, chef do Sagres (316 Norte), escolheu o de arroz com bacalhau em lascas, gr\u00e3o-de-bico, salsinha e azeitonas pretas para apresentar no Festival Fartura \u2014 Comidas do Brasil Fortaleza, que realiza a quarta edi\u00e7\u00e3o, s\u00e1bado (10\/11) e domingo (11), na capital cearense.<\/p>\n","protected":false},"author":54,"featured_media":2785,"comment_status":"open","ping_status":"open","sticky":false,"template":"","format":"standard","meta":{"footnotes":""},"categories":[1],"tags":[49,47,48],"class_list":["post-2784","post","type-post","status-publish","format-standard","has-post-thumbnail","hentry","category-sem-categoria","tag-festival-fartura","tag-olga-soares","tag-sagres"],"_links":{"self":[{"href":"https:\/\/blogs.correiobraziliense.com.br\/lianasabo\/wp-json\/wp\/v2\/posts\/2784","targetHints":{"allow":["GET"]}}],"collection":[{"href":"https:\/\/blogs.correiobraziliense.com.br\/lianasabo\/wp-json\/wp\/v2\/posts"}],"about":[{"href":"https:\/\/blogs.correiobraziliense.com.br\/lianasabo\/wp-json\/wp\/v2\/types\/post"}],"author":[{"embeddable":true,"href":"https:\/\/blogs.correiobraziliense.com.br\/lianasabo\/wp-json\/wp\/v2\/users\/54"}],"replies":[{"embeddable":true,"href":"https:\/\/blogs.correiobraziliense.com.br\/lianasabo\/wp-json\/wp\/v2\/comments?post=2784"}],"version-history":[{"count":1,"href":"https:\/\/blogs.correiobraziliense.com.br\/lianasabo\/wp-json\/wp\/v2\/posts\/2784\/revisions"}],"predecessor-version":[{"id":2787,"href":"https:\/\/blogs.correiobraziliense.com.br\/lianasabo\/wp-json\/wp\/v2\/posts\/2784\/revisions\/2787"}],"wp:featuredmedia":[{"embeddable":true,"href":"https:\/\/blogs.correiobraziliense.com.br\/lianasabo\/wp-json\/wp\/v2\/media\/2785"}],"wp:attachment":[{"href":"https:\/\/blogs.correiobraziliense.com.br\/lianasabo\/wp-json\/wp\/v2\/media?parent=2784"}],"wp:term":[{"taxonomy":"category","embeddable":true,"href":"https:\/\/blogs.correiobraziliense.com.br\/lianasabo\/wp-json\/wp\/v2\/categories?post=2784"},{"taxonomy":"post_tag","embeddable":true,"href":"https:\/\/blogs.correiobraziliense.com.br\/lianasabo\/wp-json\/wp\/v2\/tags?post=2784"}],"curies":[{"name":"wp","href":"https:\/\/api.w.org\/{rel}","templated":true}]}}