{"id":2781,"date":"2018-11-09T10:00:30","date_gmt":"2018-11-09T12:00:30","guid":{"rendered":"https:\/\/blogs.correiobraziliense.com.br\/lianasabo\/?p=2781"},"modified":"2018-11-08T12:19:50","modified_gmt":"2018-11-08T14:19:50","slug":"bar-em-bar-e-sabor-suino-celebram-paixoes-do-brasiliense","status":"publish","type":"post","link":"https:\/\/blogs.correiobraziliense.com.br\/lianasabo\/bar-em-bar-e-sabor-suino-celebram-paixoes-do-brasiliense\/","title":{"rendered":"Bar em Bar e Sabor Su\u00edno celebram paix\u00f5es do brasiliense"},"content":{"rendered":"<p>Duas paix\u00f5es do gourmet brasiliense: carne su\u00edna e boteco. At\u00e9 podem ser resumidas numa s\u00f3: comer deliciosa costelinha de porco no bar. Pensando nisso, a Associa\u00e7\u00e3o Brasileira de Bares e Restaurantes (Abrasel), se\u00e7\u00e3o Bras\u00edlia, que todos os anos promove dois festivais, Bar em Bar e Sabor Su\u00edno, em 2018 decidiu junt\u00e1-los num s\u00f3.<\/p>\n<p>Come\u00e7a em 15 de novembro e vai at\u00e9 2 de dezembro a promo\u00e7\u00e3o de um prato especial, que poder\u00e1 servir uma ou at\u00e9 tr\u00eas pessoas por R$ 30. Dela participam 27 estabelecimentos que elaboraram receitas com foco na carne su\u00edna. Para o presidente da Associa\u00e7\u00e3o de Criadores de Su\u00ednos do DF, Ivo Jac\u00f3 de Souza, o festival \u00e9 uma oportunidade para \u201cmostrar ao consumidor que a carne su\u00edna \u00e9 saborosa e barata\u201d.<\/p>\n","protected":false},"excerpt":{"rendered":"<p>Duas paix\u00f5es do gourmet brasiliense: carne su\u00edna e boteco. At\u00e9 podem ser resumidas numa s\u00f3: comer deliciosa costelinha de porco no bar. Pensando nisso, a Associa\u00e7\u00e3o Brasileira de Bares e Restaurantes (Abrasel), se\u00e7\u00e3o Bras\u00edlia, que todos os anos promove dois festivais, Bar em Bar e Sabor Su\u00edno, em 2018 decidiu junt\u00e1-los num s\u00f3. Come\u00e7a em 15 de novembro e vai [&hellip;]<\/p>\n","protected":false},"author":54,"featured_media":2782,"comment_status":"open","ping_status":"open","sticky":false,"template":"","format":"standard","meta":{"footnotes":""},"categories":[1],"tags":[45,46],"class_list":["post-2781","post","type-post","status-publish","format-standard","has-post-thumbnail","hentry","category-sem-categoria","tag-bar-em-bar","tag-sabor-suino"],"_links":{"self":[{"href":"https:\/\/blogs.correiobraziliense.com.br\/lianasabo\/wp-json\/wp\/v2\/posts\/2781","targetHints":{"allow":["GET"]}}],"collection":[{"href":"https:\/\/blogs.correiobraziliense.com.br\/lianasabo\/wp-json\/wp\/v2\/posts"}],"about":[{"href":"https:\/\/blogs.correiobraziliense.com.br\/lianasabo\/wp-json\/wp\/v2\/types\/post"}],"author":[{"embeddable":true,"href":"https:\/\/blogs.correiobraziliense.com.br\/lianasabo\/wp-json\/wp\/v2\/users\/54"}],"replies":[{"embeddable":true,"href":"https:\/\/blogs.correiobraziliense.com.br\/lianasabo\/wp-json\/wp\/v2\/comments?post=2781"}],"version-history":[{"count":1,"href":"https:\/\/blogs.correiobraziliense.com.br\/lianasabo\/wp-json\/wp\/v2\/posts\/2781\/revisions"}],"predecessor-version":[{"id":2783,"href":"https:\/\/blogs.correiobraziliense.com.br\/lianasabo\/wp-json\/wp\/v2\/posts\/2781\/revisions\/2783"}],"wp:featuredmedia":[{"embeddable":true,"href":"https:\/\/blogs.correiobraziliense.com.br\/lianasabo\/wp-json\/wp\/v2\/media\/2782"}],"wp:attachment":[{"href":"https:\/\/blogs.correiobraziliense.com.br\/lianasabo\/wp-json\/wp\/v2\/media?parent=2781"}],"wp:term":[{"taxonomy":"category","embeddable":true,"href":"https:\/\/blogs.correiobraziliense.com.br\/lianasabo\/wp-json\/wp\/v2\/categories?post=2781"},{"taxonomy":"post_tag","embeddable":true,"href":"https:\/\/blogs.correiobraziliense.com.br\/lianasabo\/wp-json\/wp\/v2\/tags?post=2781"}],"curies":[{"name":"wp","href":"https:\/\/api.w.org\/{rel}","templated":true}]}}