{"id":278,"date":"2016-07-29T15:09:24","date_gmt":"2016-07-29T18:09:24","guid":{"rendered":"https:\/\/blogs.correiobraziliense.com.br\/lianasabo\/?p=278"},"modified":"2016-07-29T15:09:24","modified_gmt":"2016-07-29T18:09:24","slug":"movimento-slow-food-firma-alianca-dos-cozinheiros-no-df","status":"publish","type":"post","link":"https:\/\/blogs.correiobraziliense.com.br\/lianasabo\/movimento-slow-food-firma-alianca-dos-cozinheiros-no-df\/","title":{"rendered":"Movimento Slow Food firma Alian\u00e7a dos Cozinheiros no DF"},"content":{"rendered":"<p>O movimento ecogastron\u00f4mico Slow Food firmou a Alian\u00e7a de Cozinheiros do Distrito Federal. O grupo tem como objetivo estimular os chefs de cozinha associados ao\u00a0 compromisso com os pilares da organiza\u00e7\u00e3o italiana, que envolvem a rela\u00e7\u00e3o direta entre profissionais da \u00e1rea de alimenta\u00e7\u00e3o e produtores rurais, sustentabilidade e preserva\u00e7\u00e3o de receitas tradicionais.<\/p>\n<p>\u201c\u00c9 importante que o cozinheiro entenda que ele \u00e9 um verdadeiro embaixador das receitas tradicionais e defensor da biodiversidade alimentar. Temos que incentivar o trabalho das pequenas produ\u00e7\u00f5es locais com respeito ao meio ambiente e foco na import\u00e2ncia das mat\u00e9rias-primas produzidas aqui \u201d, destaca Jean Marconi, facilitador da regi\u00e3o Centro-Oeste do Slow Food.<\/p>\n<p>Entre os chefs que assinaram o termo de compromisso da Alian\u00e7a est\u00e3o Agenor Maia (Olivae), Lui Veronese (CRU), Ville Della Penna (Piccolo Emporium),Tonico Lichtsztejn (400) e Paulo Lima (Trem da Serra). <strong>(Sara Campos &#8211; Especial para o Correio)<\/strong><\/p>\n","protected":false},"excerpt":{"rendered":"<p>O movimento ecogastron\u00f4mico Slow Food firmou a Alian\u00e7a de Cozinheiros do Distrito Federal. O grupo tem como objetivo estimular os chefs de cozinha associados ao\u00a0 compromisso com os pilares da organiza\u00e7\u00e3o italiana, que envolvem a rela\u00e7\u00e3o direta entre profissionais da \u00e1rea de alimenta\u00e7\u00e3o e produtores rurais, sustentabilidade e preserva\u00e7\u00e3o de receitas tradicionais. \u201c\u00c9 importante que o cozinheiro entenda que ele [&hellip;]<\/p>\n","protected":false},"author":54,"featured_media":279,"comment_status":"open","ping_status":"open","sticky":false,"template":"","format":"standard","meta":{"footnotes":""},"categories":[1],"tags":[],"class_list":["post-278","post","type-post","status-publish","format-standard","has-post-thumbnail","hentry","category-sem-categoria"],"_links":{"self":[{"href":"https:\/\/blogs.correiobraziliense.com.br\/lianasabo\/wp-json\/wp\/v2\/posts\/278","targetHints":{"allow":["GET"]}}],"collection":[{"href":"https:\/\/blogs.correiobraziliense.com.br\/lianasabo\/wp-json\/wp\/v2\/posts"}],"about":[{"href":"https:\/\/blogs.correiobraziliense.com.br\/lianasabo\/wp-json\/wp\/v2\/types\/post"}],"author":[{"embeddable":true,"href":"https:\/\/blogs.correiobraziliense.com.br\/lianasabo\/wp-json\/wp\/v2\/users\/54"}],"replies":[{"embeddable":true,"href":"https:\/\/blogs.correiobraziliense.com.br\/lianasabo\/wp-json\/wp\/v2\/comments?post=278"}],"version-history":[{"count":1,"href":"https:\/\/blogs.correiobraziliense.com.br\/lianasabo\/wp-json\/wp\/v2\/posts\/278\/revisions"}],"predecessor-version":[{"id":280,"href":"https:\/\/blogs.correiobraziliense.com.br\/lianasabo\/wp-json\/wp\/v2\/posts\/278\/revisions\/280"}],"wp:featuredmedia":[{"embeddable":true,"href":"https:\/\/blogs.correiobraziliense.com.br\/lianasabo\/wp-json\/wp\/v2\/media\/279"}],"wp:attachment":[{"href":"https:\/\/blogs.correiobraziliense.com.br\/lianasabo\/wp-json\/wp\/v2\/media?parent=278"}],"wp:term":[{"taxonomy":"category","embeddable":true,"href":"https:\/\/blogs.correiobraziliense.com.br\/lianasabo\/wp-json\/wp\/v2\/categories?post=278"},{"taxonomy":"post_tag","embeddable":true,"href":"https:\/\/blogs.correiobraziliense.com.br\/lianasabo\/wp-json\/wp\/v2\/tags?post=278"}],"curies":[{"name":"wp","href":"https:\/\/api.w.org\/{rel}","templated":true}]}}