{"id":2765,"date":"2018-11-08T08:42:47","date_gmt":"2018-11-08T10:42:47","guid":{"rendered":"https:\/\/blogs.correiobraziliense.com.br\/lianasabo\/?p=2765"},"modified":"2018-11-02T16:47:55","modified_gmt":"2018-11-02T19:47:55","slug":"o-chef-simon-lau-leva-menu-do-filme-a-festa-de-babette-para-o-rio-de-janeiro","status":"publish","type":"post","link":"https:\/\/blogs.correiobraziliense.com.br\/lianasabo\/o-chef-simon-lau-leva-menu-do-filme-a-festa-de-babette-para-o-rio-de-janeiro\/","title":{"rendered":"O chef Simon Lau leva menu do filme A festa de Babette para o Rio de Janeiro"},"content":{"rendered":"<p>Chegou a vez dos cariocas se deliciarem com o banquete da Festa de Babettte, tal como foi apresentado no famoso filme dinamarqu\u00eas que ganhou o Oscar de melhor filme estrangeiro, e ter\u00e1 como protagonista o chef tamb\u00e9m dinamarqu\u00eas Simon Lau. Por duas noites \u2013 9 e 10 de novembro \u2013 Lau recria o card\u00e1pio durante jantar que ser\u00e1 precedido de um concerto do grupo dinamarqu\u00eas Scenatet interpretando trechos da trilha sonoro do compositor Per Norgard. Na ocasi\u00e3o, a atriz Bel Kutner vai relatar passagens do conto da escritora Karen Blixen, que deu origem ao famoso filme.<\/p>\n<p>Para quem estiver no Rio de Janeiro ser\u00e1 um \u00f3tima oportunidade participar da programa\u00e7\u00e3o que comemora os 10 anos do Instituto Cultural da Dinamarca. \u201cEstou muito ansioso e feliz em cozinhar num lugar t\u00e3o importante como o restaurante da Cidade das Artes\u201d, disse ao blog o chef dinamarqu\u00eas. O acontecimento in\u00e9dito no Rio se dar\u00e1 em duas noites em torno do card\u00e1pio que poder\u00e1 vir harmonizado com vinhos por R$ 550 ou sem a harmoniza\u00e7\u00e3o por R$ 400. Os convites podem ser adquiridos na plataforma ingresso r\u00e1pido.<\/p>\n","protected":false},"excerpt":{"rendered":"<p>Chegou a vez dos cariocas se deliciarem com o banquete da Festa de Babettte, tal como foi apresentado no famoso filme dinamarqu\u00eas que ganhou o Oscar de melhor filme estrangeiro, e ter\u00e1 como protagonista o chef tamb\u00e9m dinamarqu\u00eas Simon Lau. Por duas noites \u2013 9 e 10 de novembro \u2013 Lau recria o card\u00e1pio durante jantar que ser\u00e1 precedido de [&hellip;]<\/p>\n","protected":false},"author":54,"featured_media":2766,"comment_status":"open","ping_status":"open","sticky":false,"template":"","format":"standard","meta":{"footnotes":""},"categories":[1],"tags":[],"class_list":["post-2765","post","type-post","status-publish","format-standard","has-post-thumbnail","hentry","category-sem-categoria"],"_links":{"self":[{"href":"https:\/\/blogs.correiobraziliense.com.br\/lianasabo\/wp-json\/wp\/v2\/posts\/2765","targetHints":{"allow":["GET"]}}],"collection":[{"href":"https:\/\/blogs.correiobraziliense.com.br\/lianasabo\/wp-json\/wp\/v2\/posts"}],"about":[{"href":"https:\/\/blogs.correiobraziliense.com.br\/lianasabo\/wp-json\/wp\/v2\/types\/post"}],"author":[{"embeddable":true,"href":"https:\/\/blogs.correiobraziliense.com.br\/lianasabo\/wp-json\/wp\/v2\/users\/54"}],"replies":[{"embeddable":true,"href":"https:\/\/blogs.correiobraziliense.com.br\/lianasabo\/wp-json\/wp\/v2\/comments?post=2765"}],"version-history":[{"count":1,"href":"https:\/\/blogs.correiobraziliense.com.br\/lianasabo\/wp-json\/wp\/v2\/posts\/2765\/revisions"}],"predecessor-version":[{"id":2767,"href":"https:\/\/blogs.correiobraziliense.com.br\/lianasabo\/wp-json\/wp\/v2\/posts\/2765\/revisions\/2767"}],"wp:featuredmedia":[{"embeddable":true,"href":"https:\/\/blogs.correiobraziliense.com.br\/lianasabo\/wp-json\/wp\/v2\/media\/2766"}],"wp:attachment":[{"href":"https:\/\/blogs.correiobraziliense.com.br\/lianasabo\/wp-json\/wp\/v2\/media?parent=2765"}],"wp:term":[{"taxonomy":"category","embeddable":true,"href":"https:\/\/blogs.correiobraziliense.com.br\/lianasabo\/wp-json\/wp\/v2\/categories?post=2765"},{"taxonomy":"post_tag","embeddable":true,"href":"https:\/\/blogs.correiobraziliense.com.br\/lianasabo\/wp-json\/wp\/v2\/tags?post=2765"}],"curies":[{"name":"wp","href":"https:\/\/api.w.org\/{rel}","templated":true}]}}