{"id":2762,"date":"2018-11-05T16:38:08","date_gmt":"2018-11-05T18:38:08","guid":{"rendered":"https:\/\/blogs.correiobraziliense.com.br\/lianasabo\/?p=2762"},"modified":"2018-11-02T16:41:03","modified_gmt":"2018-11-02T19:41:03","slug":"feira-escandinava-leva-comida-nordica-a-sao-paulo","status":"publish","type":"post","link":"https:\/\/blogs.correiobraziliense.com.br\/lianasabo\/feira-escandinava-leva-comida-nordica-a-sao-paulo\/","title":{"rendered":"Feira escandinava leva comida n\u00f3rdica a S\u00e3o Paulo"},"content":{"rendered":"<p>Quem for louco por arenque, salm\u00e3o defumado e aquavit ter\u00e1 a chance de degustar as iguarias e a bebida dias 6 e 7 (ter\u00e7a e quarta feiras) na Feira Escandinava que ser\u00e1 realizada em S\u00e3o Paulo, no Clube Pinheiros (Rua Tucum\u00e3 36, esquina com a Faria Lima), onde voc\u00ea encontrar\u00e1 ainda outras del\u00edcias. S\u00f3 de Smorrrebrod, tradicional sandu\u00edche aberto dinamarqu\u00eas, ter\u00e1 20 sabores.<\/p>\n<p>\u00c9 respons\u00e1vel pela prepara\u00e7\u00e3o dos sandu\u00edches a chef Vera Jacobsen, que comanda o restaurante Svanen, especializado em comida t\u00edpica escandinava. Outros pratos famosos s\u00e3o frikadelle (alm\u00f4ndega de carne de porco) e o flaeskesteg (carne de porco assada com toucinho e pele).<\/p>\n<p>Uma infinidade de produtos n\u00e3o encontrados no mercado brasileiro estar\u00e3o dispon\u00edveis na feira, que se realiza h\u00e1 mais de 50 anos. Este ano, o foco \u00e9 a Dinamarca, pa\u00eds que levou fotos e v\u00eddeos para serem expostos. Participam tamb\u00e9m Finl\u00e2ndia, Noruega e Su\u00e9cia com seus produtos que v\u00e3o desde alimentos, bebidas e brinquedos at\u00e9 objetos de decora\u00e7\u00e3o.<\/p>\n<p>Entre os itens mais procurados est\u00e3o o bacalhau, frutos do mar em geral, queijos, chocolates, cervejas escandinavas, caviar, cristais, objetos de pl\u00e1stico, roupas de cama, entre outros. Funciona dia 6, das 11h \u00e0s 22h e dia 7, das 10h \u00e0s 20h. Mais informa\u00e7\u00f5es: <em>www.feiraescandinava.com.br<\/em>.<\/p>\n","protected":false},"excerpt":{"rendered":"<p>Quem for louco por arenque, salm\u00e3o defumado e aquavit ter\u00e1 a chance de degustar as iguarias e a bebida dias 6 e 7 (ter\u00e7a e quarta feiras) na Feira Escandinava que ser\u00e1 realizada em S\u00e3o Paulo, no Clube Pinheiros (Rua Tucum\u00e3 36, esquina com a Faria Lima), onde voc\u00ea encontrar\u00e1 ainda outras del\u00edcias. S\u00f3 de Smorrrebrod, tradicional sandu\u00edche aberto dinamarqu\u00eas, [&hellip;]<\/p>\n","protected":false},"author":54,"featured_media":2763,"comment_status":"open","ping_status":"open","sticky":false,"template":"","format":"standard","meta":{"footnotes":""},"categories":[1],"tags":[],"class_list":["post-2762","post","type-post","status-publish","format-standard","has-post-thumbnail","hentry","category-sem-categoria"],"_links":{"self":[{"href":"https:\/\/blogs.correiobraziliense.com.br\/lianasabo\/wp-json\/wp\/v2\/posts\/2762","targetHints":{"allow":["GET"]}}],"collection":[{"href":"https:\/\/blogs.correiobraziliense.com.br\/lianasabo\/wp-json\/wp\/v2\/posts"}],"about":[{"href":"https:\/\/blogs.correiobraziliense.com.br\/lianasabo\/wp-json\/wp\/v2\/types\/post"}],"author":[{"embeddable":true,"href":"https:\/\/blogs.correiobraziliense.com.br\/lianasabo\/wp-json\/wp\/v2\/users\/54"}],"replies":[{"embeddable":true,"href":"https:\/\/blogs.correiobraziliense.com.br\/lianasabo\/wp-json\/wp\/v2\/comments?post=2762"}],"version-history":[{"count":1,"href":"https:\/\/blogs.correiobraziliense.com.br\/lianasabo\/wp-json\/wp\/v2\/posts\/2762\/revisions"}],"predecessor-version":[{"id":2764,"href":"https:\/\/blogs.correiobraziliense.com.br\/lianasabo\/wp-json\/wp\/v2\/posts\/2762\/revisions\/2764"}],"wp:featuredmedia":[{"embeddable":true,"href":"https:\/\/blogs.correiobraziliense.com.br\/lianasabo\/wp-json\/wp\/v2\/media\/2763"}],"wp:attachment":[{"href":"https:\/\/blogs.correiobraziliense.com.br\/lianasabo\/wp-json\/wp\/v2\/media?parent=2762"}],"wp:term":[{"taxonomy":"category","embeddable":true,"href":"https:\/\/blogs.correiobraziliense.com.br\/lianasabo\/wp-json\/wp\/v2\/categories?post=2762"},{"taxonomy":"post_tag","embeddable":true,"href":"https:\/\/blogs.correiobraziliense.com.br\/lianasabo\/wp-json\/wp\/v2\/tags?post=2762"}],"curies":[{"name":"wp","href":"https:\/\/api.w.org\/{rel}","templated":true}]}}