{"id":2750,"date":"2018-11-02T13:51:52","date_gmt":"2018-11-02T16:51:52","guid":{"rendered":"https:\/\/blogs.correiobraziliense.com.br\/lianasabo\/?p=2750"},"modified":"2018-11-01T17:52:55","modified_gmt":"2018-11-01T20:52:55","slug":"italiano-cosi-vira-de-sampa-para-brasilia","status":"publish","type":"post","link":"https:\/\/blogs.correiobraziliense.com.br\/lianasabo\/italiano-cosi-vira-de-sampa-para-brasilia\/","title":{"rendered":"Italiano Cos\u00ec vir\u00e1 de Sampa para Bras\u00edlia"},"content":{"rendered":"<p>Ao anunciar semana passada a programa\u00e7\u00e3o de Natal do Bras\u00edlia Shopping, o jornalista Bernardo Brand\u00e3o, s\u00f3cio-diretor da DGBB, empresa de comunica\u00e7\u00e3o que atende o centro de compras, mencionou a abertura de um restaurante italiano que, por conta do atraso das obras, s\u00f3 vai funcionar em fevereiro de 2019.<\/p>\n<p>Trata-se do Cos\u00ec, importante marca paulistana, que ser\u00e1 instalado ao lado do Carpe Diem, na pra\u00e7a de alimenta\u00e7\u00e3o.<\/p>\n<p>O chef propriet\u00e1rio \u00e9 Renato Carioni, profissional conhecido pelo padr\u00e3o de exig\u00eancia.<\/p>\n<p>Atualmente, ele se divide entre a casa pioneira e a filial na Vila Nova Concei\u00e7\u00e3o. S\u00f3 na segunda casa d\u00e1 para provar a barriga de porco assada em baixa temperatura guarnecida de ragu de feij\u00e3o branco. Segundo o Guia Michelin 2018, h\u00e1 no Cos\u00ec \u201cdois pratos imperd\u00edveis\u201d: o ovo mollet e o tiramis\u00f9 tradicional. Vamos aguardar!<\/p>\n","protected":false},"excerpt":{"rendered":"<p>Ao anunciar semana passada a programa\u00e7\u00e3o de Natal do Bras\u00edlia Shopping, o jornalista Bernardo Brand\u00e3o, s\u00f3cio-diretor da DGBB, empresa de comunica\u00e7\u00e3o que atende o centro de compras, mencionou a abertura de um restaurante italiano que, por conta do atraso das obras, s\u00f3 vai funcionar em fevereiro de 2019. Trata-se do Cos\u00ec, importante marca paulistana, que ser\u00e1 instalado ao lado do [&hellip;]<\/p>\n","protected":false},"author":57,"featured_media":0,"comment_status":"open","ping_status":"open","sticky":false,"template":"","format":"standard","meta":{"footnotes":""},"categories":[1],"tags":[],"class_list":["post-2750","post","type-post","status-publish","format-standard","hentry","category-sem-categoria"],"_links":{"self":[{"href":"https:\/\/blogs.correiobraziliense.com.br\/lianasabo\/wp-json\/wp\/v2\/posts\/2750","targetHints":{"allow":["GET"]}}],"collection":[{"href":"https:\/\/blogs.correiobraziliense.com.br\/lianasabo\/wp-json\/wp\/v2\/posts"}],"about":[{"href":"https:\/\/blogs.correiobraziliense.com.br\/lianasabo\/wp-json\/wp\/v2\/types\/post"}],"author":[{"embeddable":true,"href":"https:\/\/blogs.correiobraziliense.com.br\/lianasabo\/wp-json\/wp\/v2\/users\/57"}],"replies":[{"embeddable":true,"href":"https:\/\/blogs.correiobraziliense.com.br\/lianasabo\/wp-json\/wp\/v2\/comments?post=2750"}],"version-history":[{"count":1,"href":"https:\/\/blogs.correiobraziliense.com.br\/lianasabo\/wp-json\/wp\/v2\/posts\/2750\/revisions"}],"predecessor-version":[{"id":2751,"href":"https:\/\/blogs.correiobraziliense.com.br\/lianasabo\/wp-json\/wp\/v2\/posts\/2750\/revisions\/2751"}],"wp:attachment":[{"href":"https:\/\/blogs.correiobraziliense.com.br\/lianasabo\/wp-json\/wp\/v2\/media?parent=2750"}],"wp:term":[{"taxonomy":"category","embeddable":true,"href":"https:\/\/blogs.correiobraziliense.com.br\/lianasabo\/wp-json\/wp\/v2\/categories?post=2750"},{"taxonomy":"post_tag","embeddable":true,"href":"https:\/\/blogs.correiobraziliense.com.br\/lianasabo\/wp-json\/wp\/v2\/tags?post=2750"}],"curies":[{"name":"wp","href":"https:\/\/api.w.org\/{rel}","templated":true}]}}