{"id":2698,"date":"2018-10-12T11:19:04","date_gmt":"2018-10-12T14:19:04","guid":{"rendered":"https:\/\/blogs.correiobraziliense.com.br\/lianasabo\/?p=2698"},"modified":"2018-10-12T09:20:44","modified_gmt":"2018-10-12T12:20:44","slug":"restaurante-nikkei-sob-nova-direcao","status":"publish","type":"post","link":"https:\/\/blogs.correiobraziliense.com.br\/lianasabo\/restaurante-nikkei-sob-nova-direcao\/","title":{"rendered":"Restaurante Nikkei sob nova dire\u00e7\u00e3o"},"content":{"rendered":"<p>Em sua curta exist\u00eancia de quase dois anos, o Nikkei teve dois pontos altos. O primeiro, quando abriu as portas em novembro de 2016 e veio comandar a casa o chef paulista Marcelo Fugita, um sansei que trabalhou por v\u00e1rios anos no Soho de Salvador, mas aqui n\u00e3o permaneceu sequer o tempo necess\u00e1rio para transmitir sua arte \u00e0 equipe. A cozinha de origem andina com pegada japonesa n\u00e3o conseguiu manter em alta o menu desenhado por Fugita. Amparados por um grupo de investidores, os propriet\u00e1rios se afastaram da proposta gastron\u00f4mica e decidiram passar adiante a opera\u00e7\u00e3o.<\/p>\n<p>O segundo momento ocorre agora, quando o empres\u00e1rio Oswaldo Scafuto, dono do Sant\u00e9 13, na 413 Norte, estende seu dom\u00ednio para o Centro de Lazer Beira Lago e assume o Nikkei confiando que o chef Divino Barbosa d\u00ea conta das duas casas. \u201cBuscamos explorar mais a experi\u00eancia na cozinha nip\u00f4nica, com a pegada nikkei, demos uma ampliada na parte fria peruana e agregamos a culin\u00e1ria contempor\u00e2nea, para oferecer maior variedade aos visitantes\u201d, explica Scafuto.<\/p>\n<p>Divino acertou muito ao criar o prato de camar\u00f5es grelhados ao molho curry com espaguete de abobrinha e shitake salteados no vinho branco (foto) por R$ 79. Fez bem tamb\u00e9m ao marinar no vinagrete um polvo na textura certa oferecido por R$ 39, mas deve cuidar para n\u00e3o enrijecer as fatias da carne de pato servidas com delicioso molho. Toma conta da cozinha fria, representada pelos sushis e sashimis, o chef Gel Messias. Funciona de ter\u00e7a a domingo para almo\u00e7o e jantar e, segunda, s\u00f3 almo\u00e7o. Telefone 2099-2461.<\/p>\n","protected":false},"excerpt":{"rendered":"<p>Em sua curta exist\u00eancia de quase dois anos, o Nikkei teve dois pontos altos. O primeiro, quando abriu as portas em novembro de 2016 e veio comandar a casa o chef paulista Marcelo Fugita, um sansei que trabalhou por v\u00e1rios anos no Soho de Salvador, mas aqui n\u00e3o permaneceu sequer o tempo necess\u00e1rio para transmitir sua arte \u00e0 equipe. A [&hellip;]<\/p>\n","protected":false},"author":54,"featured_media":2699,"comment_status":"open","ping_status":"open","sticky":false,"template":"","format":"standard","meta":{"footnotes":""},"categories":[1],"tags":[],"class_list":["post-2698","post","type-post","status-publish","format-standard","has-post-thumbnail","hentry","category-sem-categoria"],"_links":{"self":[{"href":"https:\/\/blogs.correiobraziliense.com.br\/lianasabo\/wp-json\/wp\/v2\/posts\/2698","targetHints":{"allow":["GET"]}}],"collection":[{"href":"https:\/\/blogs.correiobraziliense.com.br\/lianasabo\/wp-json\/wp\/v2\/posts"}],"about":[{"href":"https:\/\/blogs.correiobraziliense.com.br\/lianasabo\/wp-json\/wp\/v2\/types\/post"}],"author":[{"embeddable":true,"href":"https:\/\/blogs.correiobraziliense.com.br\/lianasabo\/wp-json\/wp\/v2\/users\/54"}],"replies":[{"embeddable":true,"href":"https:\/\/blogs.correiobraziliense.com.br\/lianasabo\/wp-json\/wp\/v2\/comments?post=2698"}],"version-history":[{"count":1,"href":"https:\/\/blogs.correiobraziliense.com.br\/lianasabo\/wp-json\/wp\/v2\/posts\/2698\/revisions"}],"predecessor-version":[{"id":2700,"href":"https:\/\/blogs.correiobraziliense.com.br\/lianasabo\/wp-json\/wp\/v2\/posts\/2698\/revisions\/2700"}],"wp:featuredmedia":[{"embeddable":true,"href":"https:\/\/blogs.correiobraziliense.com.br\/lianasabo\/wp-json\/wp\/v2\/media\/2699"}],"wp:attachment":[{"href":"https:\/\/blogs.correiobraziliense.com.br\/lianasabo\/wp-json\/wp\/v2\/media?parent=2698"}],"wp:term":[{"taxonomy":"category","embeddable":true,"href":"https:\/\/blogs.correiobraziliense.com.br\/lianasabo\/wp-json\/wp\/v2\/categories?post=2698"},{"taxonomy":"post_tag","embeddable":true,"href":"https:\/\/blogs.correiobraziliense.com.br\/lianasabo\/wp-json\/wp\/v2\/tags?post=2698"}],"curies":[{"name":"wp","href":"https:\/\/api.w.org\/{rel}","templated":true}]}}