{"id":2679,"date":"2018-10-04T11:59:11","date_gmt":"2018-10-04T14:59:11","guid":{"rendered":"https:\/\/blogs.correiobraziliense.com.br\/lianasabo\/?p=2679"},"modified":"2018-10-04T14:39:32","modified_gmt":"2018-10-04T17:39:32","slug":"grand-cru-apoia-luta-contra-cancer-com-vinho-rose","status":"publish","type":"post","link":"https:\/\/blogs.correiobraziliense.com.br\/lianasabo\/grand-cru-apoia-luta-contra-cancer-com-vinho-rose\/","title":{"rendered":"Grand Cru apoia luta contra c\u00e2ncer com vinho ros\u00e9"},"content":{"rendered":"<p>A campanha de cunho social que acontece todos os anos com o nome Outubro Rosa sensibilizou a Grand Cru, maior rede de lojas de vinhos do pa\u00eds. Durante todo o m\u00eas, os vinhos ros\u00e9s vendidos nas lojas f\u00edsicas e e-commerce ter\u00e3o 5% da verba revertida \u00e0 Funda\u00e7\u00e3o La\u00e7o Rosa, que luta diariamente para mudar a realidade do c\u00e2ncer de mama no Brasil.<\/p>\n<p>Criada em 2011, no Rio de Janeiro, a institui\u00e7\u00e3o sem fins lucrativos tem em media 80 a 100 atendimentos por m\u00eas e entre os programas h\u00e1 o de doa\u00e7\u00f5es gratuitas de perucas para pacientes em quimioterapia, e o Rosas do Morro, que leva a comunidades carentes informa\u00e7\u00f5es sobre a doen\u00e7a e os direitos da mulher.<\/p>\n<h3>Os vinhos<\/h3>\n<p>Entre as op\u00e7\u00f5es que poder\u00e3o ajudar a causa, est\u00e3o os vinhos Delas Fr\u00e8res C\u00f4tes-du-Rhone Saint-Esprit 2016 (R$ 114,90), produzido na Proven\u00e7a fresco e frutado; La Flor de Pulenta Malbec Ros\u00e9 2017 (R$ 89,90) argentino com aroma de ameixas, groselhas e amoras que viram geleia no paladar; Ros\u00e9 Berne Esprit M\u00e9diterran\u00e9e IGP 2017 (R$ 89,90), um franc\u00eas que exala o esp\u00edrito do Mediterr\u00e2neo; Ros\u00e9 Ch\u00e2teau Bouisset 2016 (R$ 84,90), feito no Languedoc-Roussillon, sul da Fran\u00e7a, com duas uvas t\u00edpicas da regi\u00e3o \u2013 a Grenache e a Syrah e o Romance C\u00f4tes de Provence 2015 (R$ 119,90), cuja sofistica\u00e7\u00e3o come\u00e7a com uma tampa de vidro que sela vinhos especiais.<\/p>\n","protected":false},"excerpt":{"rendered":"<p>A campanha de cunho social que acontece todos os anos com o nome Outubro Rosa sensibilizou a Grand Cru, maior rede de lojas de vinhos do pa\u00eds. Durante todo o m\u00eas, os vinhos ros\u00e9s vendidos nas lojas f\u00edsicas e e-commerce ter\u00e3o 5% da verba revertida \u00e0 Funda\u00e7\u00e3o La\u00e7o Rosa, que luta diariamente para mudar a realidade do c\u00e2ncer de mama [&hellip;]<\/p>\n","protected":false},"author":54,"featured_media":2680,"comment_status":"open","ping_status":"open","sticky":false,"template":"","format":"standard","meta":{"footnotes":""},"categories":[1],"tags":[],"class_list":["post-2679","post","type-post","status-publish","format-standard","has-post-thumbnail","hentry","category-sem-categoria"],"_links":{"self":[{"href":"https:\/\/blogs.correiobraziliense.com.br\/lianasabo\/wp-json\/wp\/v2\/posts\/2679","targetHints":{"allow":["GET"]}}],"collection":[{"href":"https:\/\/blogs.correiobraziliense.com.br\/lianasabo\/wp-json\/wp\/v2\/posts"}],"about":[{"href":"https:\/\/blogs.correiobraziliense.com.br\/lianasabo\/wp-json\/wp\/v2\/types\/post"}],"author":[{"embeddable":true,"href":"https:\/\/blogs.correiobraziliense.com.br\/lianasabo\/wp-json\/wp\/v2\/users\/54"}],"replies":[{"embeddable":true,"href":"https:\/\/blogs.correiobraziliense.com.br\/lianasabo\/wp-json\/wp\/v2\/comments?post=2679"}],"version-history":[{"count":1,"href":"https:\/\/blogs.correiobraziliense.com.br\/lianasabo\/wp-json\/wp\/v2\/posts\/2679\/revisions"}],"predecessor-version":[{"id":2681,"href":"https:\/\/blogs.correiobraziliense.com.br\/lianasabo\/wp-json\/wp\/v2\/posts\/2679\/revisions\/2681"}],"wp:featuredmedia":[{"embeddable":true,"href":"https:\/\/blogs.correiobraziliense.com.br\/lianasabo\/wp-json\/wp\/v2\/media\/2680"}],"wp:attachment":[{"href":"https:\/\/blogs.correiobraziliense.com.br\/lianasabo\/wp-json\/wp\/v2\/media?parent=2679"}],"wp:term":[{"taxonomy":"category","embeddable":true,"href":"https:\/\/blogs.correiobraziliense.com.br\/lianasabo\/wp-json\/wp\/v2\/categories?post=2679"},{"taxonomy":"post_tag","embeddable":true,"href":"https:\/\/blogs.correiobraziliense.com.br\/lianasabo\/wp-json\/wp\/v2\/tags?post=2679"}],"curies":[{"name":"wp","href":"https:\/\/api.w.org\/{rel}","templated":true}]}}