{"id":2676,"date":"2018-10-04T08:00:06","date_gmt":"2018-10-04T11:00:06","guid":{"rendered":"https:\/\/blogs.correiobraziliense.com.br\/lianasabo\/?p=2676"},"modified":"2018-10-04T14:38:50","modified_gmt":"2018-10-04T17:38:50","slug":"jantar-de-nove-chefs-lanca-projeto-cerrado-no-prato","status":"publish","type":"post","link":"https:\/\/blogs.correiobraziliense.com.br\/lianasabo\/jantar-de-nove-chefs-lanca-projeto-cerrado-no-prato\/","title":{"rendered":"Jantar de nove chefs lan\u00e7a projeto Cerrado no Prato"},"content":{"rendered":"<p>Restam ainda algumas vagas para o jantar que ser\u00e1 servido sexta-feira, \u00e0s 20h, no Aquavit, no estilo menu degusta\u00e7\u00e3o de pratos assinados por nove chefs, que compartilham sua criatividade na execu\u00e7\u00e3o de uma culin\u00e1ria em favor de ingredientes do cerrado. Nhoque de mangarito, arroz caldoso de galinha com pequi, confit de cajuzinho e baunilha do cerrado e tempur\u00e1 de ora-pro-nobis e bacon s\u00e3o algumas iguarias que estar\u00e3o acompanhadas dos vinhos Pireneus, da cacha\u00e7a Authoral e da cerveja Cerrado Bier e sucos da Central do Cerrado. Na entrada, voc\u00ea poder curtir os p\u00e3es da Castalia com manteiga artesanal de leite de cabra da grife Cabra Chic.<\/p>\n<p>O jantar sai por R$ 260 e a renda ser\u00e1 revertida para o projeto Cerrado no Prato, cujas receitas ser\u00e3o editadas em livro. Por enquanto, elas est\u00e3o dispon\u00edveis na internet (www.cerradonoprato.com). O menu ser\u00e1 executado pelos chefs Ana Paula Jacques, Andr\u00e9 Castro, Diego Badra, Francisco Ansiliero, Leandro Nunes, Leo Ham\u00fa, Lui Veronese, Marcos Lelis e Simon Lau, dono da casa, no Setor de Mans\u00f5es do Lago Norte Trecho 12, Conjunto 1, casa 5. Reservas pelo 99935-3065 (WhatsApp).<\/p>\n","protected":false},"excerpt":{"rendered":"<p>Restam ainda algumas vagas para o jantar que ser\u00e1 servido sexta-feira, \u00e0s 20h, no Aquavit, no estilo menu degusta\u00e7\u00e3o de pratos assinados por nove chefs, que compartilham sua criatividade na execu\u00e7\u00e3o de uma culin\u00e1ria em favor de ingredientes do cerrado. Nhoque de mangarito, arroz caldoso de galinha com pequi, confit de cajuzinho e baunilha do cerrado e tempur\u00e1 de ora-pro-nobis [&hellip;]<\/p>\n","protected":false},"author":54,"featured_media":2677,"comment_status":"open","ping_status":"open","sticky":false,"template":"","format":"standard","meta":{"footnotes":""},"categories":[1],"tags":[],"class_list":["post-2676","post","type-post","status-publish","format-standard","has-post-thumbnail","hentry","category-sem-categoria"],"_links":{"self":[{"href":"https:\/\/blogs.correiobraziliense.com.br\/lianasabo\/wp-json\/wp\/v2\/posts\/2676","targetHints":{"allow":["GET"]}}],"collection":[{"href":"https:\/\/blogs.correiobraziliense.com.br\/lianasabo\/wp-json\/wp\/v2\/posts"}],"about":[{"href":"https:\/\/blogs.correiobraziliense.com.br\/lianasabo\/wp-json\/wp\/v2\/types\/post"}],"author":[{"embeddable":true,"href":"https:\/\/blogs.correiobraziliense.com.br\/lianasabo\/wp-json\/wp\/v2\/users\/54"}],"replies":[{"embeddable":true,"href":"https:\/\/blogs.correiobraziliense.com.br\/lianasabo\/wp-json\/wp\/v2\/comments?post=2676"}],"version-history":[{"count":1,"href":"https:\/\/blogs.correiobraziliense.com.br\/lianasabo\/wp-json\/wp\/v2\/posts\/2676\/revisions"}],"predecessor-version":[{"id":2678,"href":"https:\/\/blogs.correiobraziliense.com.br\/lianasabo\/wp-json\/wp\/v2\/posts\/2676\/revisions\/2678"}],"wp:featuredmedia":[{"embeddable":true,"href":"https:\/\/blogs.correiobraziliense.com.br\/lianasabo\/wp-json\/wp\/v2\/media\/2677"}],"wp:attachment":[{"href":"https:\/\/blogs.correiobraziliense.com.br\/lianasabo\/wp-json\/wp\/v2\/media?parent=2676"}],"wp:term":[{"taxonomy":"category","embeddable":true,"href":"https:\/\/blogs.correiobraziliense.com.br\/lianasabo\/wp-json\/wp\/v2\/categories?post=2676"},{"taxonomy":"post_tag","embeddable":true,"href":"https:\/\/blogs.correiobraziliense.com.br\/lianasabo\/wp-json\/wp\/v2\/tags?post=2676"}],"curies":[{"name":"wp","href":"https:\/\/api.w.org\/{rel}","templated":true}]}}