{"id":2672,"date":"2018-09-28T11:30:08","date_gmt":"2018-09-28T14:30:08","guid":{"rendered":"https:\/\/blogs.correiobraziliense.com.br\/lianasabo\/?p=2672"},"modified":"2018-09-27T15:46:43","modified_gmt":"2018-09-27T18:46:43","slug":"alexandre-vargas-e-bruno-rappel-lancam-livro","status":"publish","type":"post","link":"https:\/\/blogs.correiobraziliense.com.br\/lianasabo\/alexandre-vargas-e-bruno-rappel-lancam-livro\/","title":{"rendered":"Alexandre Vargas e Bruno Rappel lan\u00e7am livro"},"content":{"rendered":"<p>Dois craques da cozinha \u2014 o brasiliense Alexandre Vargas e o carioca, apenas de nascimento, Bruno Rappel \u2014, ambos com passagem pelos melhores endere\u00e7os gastron\u00f4micos do mundo, h\u00e1 anos lecionam artes culin\u00e1rias no Iesb. Foi l\u00e1 que identificaram os segredinhos que mais interessam aos alunos aprender, como t\u00e9cnicas em baixa temperatura.<\/p>\n<p>O resultado se transformou em manual para coc\u00e7\u00e3o em baixa temperatura,<em> Sous vide<\/em>. O livro, editado pelo Senac, com 153 p\u00e1ginas, \u00e9 impresso em papel couch\u00ea com farta ilustra\u00e7\u00e3o em cores ser\u00e1 lan\u00e7ado quinta-feira, \u00e0s 18h, no Shopping Iguatemi, com a presen\u00e7a do presidente do Senac-DF, Adelmir Santana, e dos autores.<\/p>\n","protected":false},"excerpt":{"rendered":"<p>Dois craques da cozinha \u2014 o brasiliense Alexandre Vargas e o carioca, apenas de nascimento, Bruno Rappel \u2014, ambos com passagem pelos melhores endere\u00e7os gastron\u00f4micos do mundo, h\u00e1 anos lecionam artes culin\u00e1rias no Iesb. Foi l\u00e1 que identificaram os segredinhos que mais interessam aos alunos aprender, como t\u00e9cnicas em baixa temperatura. O resultado se transformou em manual para coc\u00e7\u00e3o em [&hellip;]<\/p>\n","protected":false},"author":57,"featured_media":2673,"comment_status":"open","ping_status":"open","sticky":false,"template":"","format":"standard","meta":{"footnotes":""},"categories":[1],"tags":[],"class_list":["post-2672","post","type-post","status-publish","format-standard","has-post-thumbnail","hentry","category-sem-categoria"],"_links":{"self":[{"href":"https:\/\/blogs.correiobraziliense.com.br\/lianasabo\/wp-json\/wp\/v2\/posts\/2672","targetHints":{"allow":["GET"]}}],"collection":[{"href":"https:\/\/blogs.correiobraziliense.com.br\/lianasabo\/wp-json\/wp\/v2\/posts"}],"about":[{"href":"https:\/\/blogs.correiobraziliense.com.br\/lianasabo\/wp-json\/wp\/v2\/types\/post"}],"author":[{"embeddable":true,"href":"https:\/\/blogs.correiobraziliense.com.br\/lianasabo\/wp-json\/wp\/v2\/users\/57"}],"replies":[{"embeddable":true,"href":"https:\/\/blogs.correiobraziliense.com.br\/lianasabo\/wp-json\/wp\/v2\/comments?post=2672"}],"version-history":[{"count":1,"href":"https:\/\/blogs.correiobraziliense.com.br\/lianasabo\/wp-json\/wp\/v2\/posts\/2672\/revisions"}],"predecessor-version":[{"id":2674,"href":"https:\/\/blogs.correiobraziliense.com.br\/lianasabo\/wp-json\/wp\/v2\/posts\/2672\/revisions\/2674"}],"wp:featuredmedia":[{"embeddable":true,"href":"https:\/\/blogs.correiobraziliense.com.br\/lianasabo\/wp-json\/wp\/v2\/media\/2673"}],"wp:attachment":[{"href":"https:\/\/blogs.correiobraziliense.com.br\/lianasabo\/wp-json\/wp\/v2\/media?parent=2672"}],"wp:term":[{"taxonomy":"category","embeddable":true,"href":"https:\/\/blogs.correiobraziliense.com.br\/lianasabo\/wp-json\/wp\/v2\/categories?post=2672"},{"taxonomy":"post_tag","embeddable":true,"href":"https:\/\/blogs.correiobraziliense.com.br\/lianasabo\/wp-json\/wp\/v2\/tags?post=2672"}],"curies":[{"name":"wp","href":"https:\/\/api.w.org\/{rel}","templated":true}]}}