{"id":2635,"date":"2018-09-14T15:00:35","date_gmt":"2018-09-14T18:00:35","guid":{"rendered":"https:\/\/blogs.correiobraziliense.com.br\/lianasabo\/?p=2635"},"modified":"2018-09-14T12:12:06","modified_gmt":"2018-09-14T15:12:06","slug":"evento-no-eixao-norte-realiza-domingo-ultima-edicao-do-ano","status":"publish","type":"post","link":"https:\/\/blogs.correiobraziliense.com.br\/lianasabo\/evento-no-eixao-norte-realiza-domingo-ultima-edicao-do-ano\/","title":{"rendered":"Evento no Eix\u00e3o Norte realiza domingo \u00faltima edi\u00e7\u00e3o do ano"},"content":{"rendered":"<p>Totalmente incorporado \u00e0 agenda de divers\u00e3o e sabor do brasiliense, o evento Chefs nos Eixos promove nesse domingo, 16 de setembro, a \u00faltima edi\u00e7\u00e3o do ano reunindo as melhores marcas gourmets da cidade na altura das quadras 111\/211 Norte. Nenhuma prepara\u00e7\u00e3o custa mais de R$ 30, o que faz permite que a fam\u00edlia v\u00e1 almo\u00e7ar no Eix\u00e3o nesse dia.<\/p>\n<div id='gallery-1' class='gallery galleryid-2635 gallery-columns-3 gallery-size-thumbnail'><figure class='gallery-item'>\n\t\t\t<div class='gallery-icon portrait'>\n\t\t\t\t<a href='https:\/\/blogs.correiobraziliense.com.br\/lianasabo\/evento-no-eixao-norte-realiza-domingo-ultima-edicao-do-ano\/chefs-nos-eixos-junho-2015\/'><img loading=\"lazy\" decoding=\"async\" width=\"150\" height=\"150\" src=\"https:\/\/blogs.correiobraziliense.com.br\/lianasabo\/wp-content\/uploads\/sites\/25\/2018\/09\/chef_eixos2-150x150.jpg\" class=\"attachment-thumbnail size-thumbnail\" alt=\"\" \/><\/a>\n\t\t\t<\/div><\/figure><figure class='gallery-item'>\n\t\t\t<div class='gallery-icon landscape'>\n\t\t\t\t<a href='https:\/\/blogs.correiobraziliense.com.br\/lianasabo\/evento-no-eixao-norte-realiza-domingo-ultima-edicao-do-ano\/chef_eixos3\/'><img loading=\"lazy\" decoding=\"async\" width=\"150\" height=\"150\" src=\"https:\/\/blogs.correiobraziliense.com.br\/lianasabo\/wp-content\/uploads\/sites\/25\/2018\/09\/chef_eixos3-150x150.jpg\" class=\"attachment-thumbnail size-thumbnail\" alt=\"\" \/><\/a>\n\t\t\t<\/div><\/figure><figure class='gallery-item'>\n\t\t\t<div class='gallery-icon landscape'>\n\t\t\t\t<a href='https:\/\/blogs.correiobraziliense.com.br\/lianasabo\/evento-no-eixao-norte-realiza-domingo-ultima-edicao-do-ano\/chef_eixos4\/'><img loading=\"lazy\" decoding=\"async\" width=\"150\" height=\"150\" src=\"https:\/\/blogs.correiobraziliense.com.br\/lianasabo\/wp-content\/uploads\/sites\/25\/2018\/09\/chef_eixos4-150x150.jpg\" class=\"attachment-thumbnail size-thumbnail\" alt=\"\" \/><\/a>\n\t\t\t<\/div><\/figure><figure class='gallery-item'>\n\t\t\t<div class='gallery-icon landscape'>\n\t\t\t\t<a href='https:\/\/blogs.correiobraziliense.com.br\/lianasabo\/evento-no-eixao-norte-realiza-domingo-ultima-edicao-do-ano\/chef_eixos5\/'><img loading=\"lazy\" decoding=\"async\" width=\"150\" height=\"150\" src=\"https:\/\/blogs.correiobraziliense.com.br\/lianasabo\/wp-content\/uploads\/sites\/25\/2018\/09\/chef_eixos5-150x150.jpg\" class=\"attachment-thumbnail size-thumbnail\" alt=\"\" \/><\/a>\n\t\t\t<\/div><\/figure>\n\t\t<\/div>\n\n<p>Dez edi\u00e7\u00f5es depois do lan\u00e7amento, a programa\u00e7\u00e3o j\u00e1 tem seus destaques, como a paella do Calaf e sua deliciosa Sangria ou os rolinhos recheados do Gil Guimar\u00e3es. Este ano, por\u00e9m, h\u00e1 alguns estreantes como os super conhecidos Leo Hamu e sua carne de porco na lata e Luiz Trigo, o chef professor que prepara uma porqueta como ningu\u00e9m.<\/p>\n<h3>Contra desperd\u00edcio<\/h3>\n<p>Com uma pegada cada vez mais ecol\u00f3gica o evento busca diminuir o lixo de papel e tem conseguido, especialmente em mat\u00e9ria de copo de pl\u00e1stico. Na \u00faltima edi\u00e7\u00e3o, deixaram de ser usados 15 mil copos de pl\u00e1stico com a introdu\u00e7\u00e3o de ecocopos que voc\u00ea pode comprar pot R$ 6 cada, usar e depois ser ressarcido no mesmo valor.<\/p>\n<p>Outra alternativa \u00e9 voc\u00ea levar seu copo de casa e usar no evento, onde n\u00e3o falta uma boa variedade de bebidas, al\u00e9m de quiosques s\u00f3 de comida vegana, uma conquista mais recente dos aficcionados por esse tipo de alimenta\u00e7\u00e3o.<\/p>\n<p>Chefs nos Eixos est\u00e1 previsto para come\u00e7ar \u00e0s 10h e terminar \u00e0s 17h.<\/p>\n","protected":false},"excerpt":{"rendered":"<p>Totalmente incorporado \u00e0 agenda de divers\u00e3o e sabor do brasiliense, o evento Chefs nos Eixos promove nesse domingo, 16 de setembro, a \u00faltima edi\u00e7\u00e3o do ano reunindo as melhores marcas gourmets da cidade na altura das quadras 111\/211 Norte. Nenhuma prepara\u00e7\u00e3o custa mais de R$ 30, o que faz permite que a fam\u00edlia v\u00e1 almo\u00e7ar no Eix\u00e3o nesse dia. Dez [&hellip;]<\/p>\n","protected":false},"author":54,"featured_media":2636,"comment_status":"open","ping_status":"open","sticky":false,"template":"","format":"standard","meta":{"footnotes":""},"categories":[1],"tags":[],"class_list":["post-2635","post","type-post","status-publish","format-standard","has-post-thumbnail","hentry","category-sem-categoria"],"_links":{"self":[{"href":"https:\/\/blogs.correiobraziliense.com.br\/lianasabo\/wp-json\/wp\/v2\/posts\/2635","targetHints":{"allow":["GET"]}}],"collection":[{"href":"https:\/\/blogs.correiobraziliense.com.br\/lianasabo\/wp-json\/wp\/v2\/posts"}],"about":[{"href":"https:\/\/blogs.correiobraziliense.com.br\/lianasabo\/wp-json\/wp\/v2\/types\/post"}],"author":[{"embeddable":true,"href":"https:\/\/blogs.correiobraziliense.com.br\/lianasabo\/wp-json\/wp\/v2\/users\/54"}],"replies":[{"embeddable":true,"href":"https:\/\/blogs.correiobraziliense.com.br\/lianasabo\/wp-json\/wp\/v2\/comments?post=2635"}],"version-history":[{"count":2,"href":"https:\/\/blogs.correiobraziliense.com.br\/lianasabo\/wp-json\/wp\/v2\/posts\/2635\/revisions"}],"predecessor-version":[{"id":2642,"href":"https:\/\/blogs.correiobraziliense.com.br\/lianasabo\/wp-json\/wp\/v2\/posts\/2635\/revisions\/2642"}],"wp:featuredmedia":[{"embeddable":true,"href":"https:\/\/blogs.correiobraziliense.com.br\/lianasabo\/wp-json\/wp\/v2\/media\/2636"}],"wp:attachment":[{"href":"https:\/\/blogs.correiobraziliense.com.br\/lianasabo\/wp-json\/wp\/v2\/media?parent=2635"}],"wp:term":[{"taxonomy":"category","embeddable":true,"href":"https:\/\/blogs.correiobraziliense.com.br\/lianasabo\/wp-json\/wp\/v2\/categories?post=2635"},{"taxonomy":"post_tag","embeddable":true,"href":"https:\/\/blogs.correiobraziliense.com.br\/lianasabo\/wp-json\/wp\/v2\/tags?post=2635"}],"curies":[{"name":"wp","href":"https:\/\/api.w.org\/{rel}","templated":true}]}}